{"id":37416,"date":"2025-04-16T15:32:21","date_gmt":"2025-04-16T15:32:21","guid":{"rendered":"https:\/\/new.igihe.com\/french\/Yolande-Makolo-repond-aux-accusations-liant-le-M23-aux-RDF-37416\/"},"modified":"2025-04-18T08:53:39","modified_gmt":"2025-04-18T08:53:39","slug":"Yolande-Makolo-repond-aux-accusations-liant-le-M23-aux-RDF","status":"publish","type":"post","link":"https:\/\/new.igihe.com\/french\/Yolande-Makolo-repond-aux-accusations-liant-le-M23-aux-RDF\/","title":{"rendered":"Yolande Makolo r\u00e9pond aux accusations liant le M23 aux RDF"},"content":{"rendered":"<p>Dans une interview accord\u00e9e \u00e0 Anewz TV, Yolande Makolo a rappel\u00e9 que le groupe terroriste FDLR, compos\u00e9 d\u2019individus directement impliqu\u00e9s dans le g\u00e9nocide perp\u00e9tr\u00e9 contre les Tutsi en 1994, continue, plus de trente ans apr\u00e8s avoir trouv\u00e9 refuge dans l\u2019est de la RDC, de nourrir des intentions hostiles \u00e0 l\u2019encontre du Rwanda.<\/p>\n<p>\u201cLes FDLR, qui ont particip\u00e9 au g\u00e9nocide, s\u2019est \u00e9tabli en RDC o\u00f9 il sont pr\u00e9sent depuis plus de trois d\u00e9cennies. Tout le monde sait que depuis 2003, plus d\u2019une vingtaine de r\u00e9solutions du Conseil de s\u00e9curit\u00e9 de l\u2019ONU ont \u00e9t\u00e9 adopt\u00e9es concernant ce groupe et la n\u00e9cessit\u00e9 d\u2019en finir avec la menace qu\u2019il repr\u00e9sente.\u201d a-t-elle d\u00e9clar\u00e9. <\/p>\n<p>Elle a pr\u00e9cis\u00e9 que, malgr\u00e9 le d\u00e9ploiement de forces onusiennes de maintien de paix en RDC pour d\u00e9manteler les FDLR et d\u2019autres groupes arm\u00e9s, aucune mesure concr\u00e8te n\u2019a \u00e9t\u00e9 prise, si bien que ce groupe terroriste reste actif et collabore m\u00eame avec les forces arm\u00e9es congolaises.<\/p>\n<p>Makolo a soulign\u00e9 qu\u2019en r\u00e9ponse \u00e0 la menace que repr\u00e9sente le groupe, le Rwanda a mis en place des dispositifs de d\u00e9fense le long de sa fronti\u00e8re avec la RDC, tout en r\u00e9affirmant que le pays n\u2019a jamais d\u00e9ploy\u00e9 de troupes sur le territoire congolais.<\/p>\n<p>Elle a \u00e9galement soulign\u00e9 que les FDLR sont responsables d\u2019atrocit\u00e9s perp\u00e9tr\u00e9es contre les Congolais d\u2019origine tutsi, poussant nombre d\u2019entre eux \u00e0 fuir vers des pays voisins tels que le Rwanda et l\u2019Ouganda.<\/p>\n<p>Elle a expliqu\u00e9 que le M23 est n\u00e9 pour d\u00e9fendre ces populations marginalis\u00e9es, priv\u00e9es de leurs droits dans leur propre pays, et favoriser leur retour dans l\u2019est de la RDC.<\/p>\n<p>Alors que certains estiment qu\u2019aucun groupe arm\u00e9 ne pourrait disposer d\u2019une telle puissance militaire et d\u2019un tel \u00e9quipement sans le soutien d\u2019un \u00c9tat \u2014 accusation qui vise directement le Rwanda \u2014 la porte-parole a r\u00e9torqu\u00e9 que le M23 est un mouvement solidement structur\u00e9, port\u00e9 par une d\u00e9termination in\u00e9branlable \u00e0 d\u00e9fendre sa cause.<\/p>\n<p>\u00ab Le M23 est un groupe d\u00e9termin\u00e9. Certains de ses membres ont servi dans l\u2019arm\u00e9e congolaise. Nous savons qu\u2019il est bien structur\u00e9 et qu\u2019il m\u00e8ne un combat pour sa survie. Pour eux, c\u2019est une question de vie ou de mort, et c\u2019est l\u00e0 leur principale force \u00bb, a d\u00e9clar\u00e9 Makolo.<\/p>\n<p>Elle a ajout\u00e9 que le M23 s\u2019approvisionne principalement en armement aupr\u00e8s des troupes congolaises elles-m\u00eames, pr\u00e9cisant que, lors de chaque affrontement remport\u00e9, les soldats de la RDC prennent la fuite en abandonnant leur mat\u00e9riel : \u00ab Ils ont laiss\u00e9 derri\u00e8re eux un important arsenal au cours des trois derni\u00e8res ann\u00e9es. \u00bb<\/p>\n<p>Interrog\u00e9e sur la possibilit\u00e9 de r\u00e9soudre la question du M23 par de simples n\u00e9gociations bilat\u00e9rales entre le Rwanda et la RDC, comme le pr\u00e9conise le gouvernement de Kinshasa, Yolande Makolo a jug\u00e9 cette approche irr\u00e9aliste. Selon elle, le M23 doit imp\u00e9rativement \u00eatre associ\u00e9 aux discussions afin d\u2019aborder les causes profondes du conflit.<\/p>\n<p>\u00ab Le probl\u00e8me est d\u2019abord interne \u00e0 la RDC. Le M23 est un mouvement compos\u00e9 de Congolais qui ont des revendications \u00e0 faire valoir aupr\u00e8s de leur propre gouvernement. Ce diff\u00e9rend doit donc \u00eatre r\u00e9gl\u00e9 entre eux et les autorit\u00e9s congolaises \u00bb, a-t-elle conclu.<\/p>\n<p>Le M23 a repris les armes en novembre 2021, apr\u00e8s huit ann\u00e9es de silence. Il r\u00e9clame que le gouvernement congolais respecte les engagements pris dans l\u2019accord sign\u00e9 le 23 mars 2009 avec le CNDP, l\u2019ancien mouvement arm\u00e9.<\/p>\n<figure class=\"spip-document spip-document-60189 aligncenter\"><img decoding=\"async\" src=\"https:\/\/fr.igihe.com\/IMG\/jpg\/ym-4.jpg\" alt=\"Yolande Makolo, a r\u00e9agi aux accusations assimilant le groupe arm\u00e9 M23 aux RDF\" \/><\/figure>\n","protected":false},"excerpt":{"rendered":"<p>La porte-parole du gouvernement, Yolande Makolo, a r\u00e9agi aux accusations assimilant le groupe arm\u00e9 M23 aux Forces de D\u00e9fense rwandaises dans le conflit qui l\u2019oppose au gouvernement de la R\u00e9publique D\u00e9mocratique du Congo.<\/p>\n","protected":false},"author":488,"featured_media":4000060188,"comment_status":"open","ping_status":"open","sticky":false,"template":"","format":"standard","meta":{"footnotes":""},"categories":[7544],"tags":[7605],"byline":[9865],"hashtag":[],"class_list":["post-37416","post","type-post","status-publish","format-standard","has-post-thumbnail","hentry","category-politique","tag-homenews","byline-alain-bertrand-tunezerwe"],"bylines":[{"id":9865,"name":"Alain Bertrand Tunezerwe","slug":"alain-bertrand-tunezerwe","description":"","image":{"id":0,"url":"https:\/\/secure.gravatar.com\/avatar\/?s=96&d=mm&f=y&r=g","alt":"Default avatar","title":"Default avatar","caption":"","mime_type":"image\/jpeg","sizes":[]},"user_id":452}],"contributors":[{"id":9865,"name":"Alain Bertrand Tunezerwe","slug":"alain-bertrand-tunezerwe","description":"","image":{"id":0,"url":"https:\/\/secure.gravatar.com\/avatar\/?s=96&d=mm&f=y&r=g","alt":"Default avatar","title":"Default avatar","caption":"","mime_type":"image\/jpeg","sizes":[]},"user_id":452}],"featured_image":{"id":4000060188,"url":"https:\/\/fr-images.igihe.com\/IMG\/logo\/ym_cp-4.jpg","alt":"","caption":"","mime_type":"image\/jpeg","width":0,"height":0,"sizes":{"thumbnail":{"url":"https:\/\/fr-images.igihe.com\/IMG\/logo\/ym_cp-4.jpg","width":1,"height":1},"medium":{"url":"https:\/\/fr-images.igihe.com\/IMG\/logo\/ym_cp-4.jpg","width":1,"height":1},"medium_large":{"url":"https:\/\/fr-images.igihe.com\/IMG\/logo\/ym_cp-4.jpg","width":1,"height":1},"large":{"url":"https:\/\/fr-images.igihe.com\/IMG\/logo\/ym_cp-4.jpg","width":1,"height":1},"full":{"url":"https:\/\/fr-images.igihe.com\/IMG\/logo\/ym_cp-4.jpg","width":0,"height":0}}},"_links":{"self":[{"href":"https:\/\/new.igihe.com\/french\/wp-json\/wp\/v2\/posts\/37416","targetHints":{"allow":["GET"]}}],"collection":[{"href":"https:\/\/new.igihe.com\/french\/wp-json\/wp\/v2\/posts"}],"about":[{"href":"https:\/\/new.igihe.com\/french\/wp-json\/wp\/v2\/types\/post"}],"author":[{"embeddable":true,"href":"https:\/\/new.igihe.com\/french\/wp-json\/wp\/v2\/users\/488"}],"replies":[{"embeddable":true,"href":"https:\/\/new.igihe.com\/french\/wp-json\/wp\/v2\/comments?post=37416"}],"version-history":[{"count":0,"href":"https:\/\/new.igihe.com\/french\/wp-json\/wp\/v2\/posts\/37416\/revisions"}],"wp:featuredmedia":[{"embeddable":true,"href":"https:\/\/new.igihe.com\/french\/wp-json\/wp\/v2\/media\/4000060188"}],"wp:attachment":[{"href":"https:\/\/new.igihe.com\/french\/wp-json\/wp\/v2\/media?parent=37416"}],"wp:term":[{"taxonomy":"category","embeddable":true,"href":"https:\/\/new.igihe.com\/french\/wp-json\/wp\/v2\/categories?post=37416"},{"taxonomy":"post_tag","embeddable":true,"href":"https:\/\/new.igihe.com\/french\/wp-json\/wp\/v2\/tags?post=37416"},{"taxonomy":"byline","embeddable":true,"href":"https:\/\/new.igihe.com\/french\/wp-json\/wp\/v2\/byline?post=37416"},{"taxonomy":"hashtag","embeddable":true,"href":"https:\/\/new.igihe.com\/french\/wp-json\/wp\/v2\/hashtag?post=37416"}],"curies":[{"name":"wp","href":"https:\/\/api.w.org\/{rel}","templated":true}]}}