{"id":37413,"date":"2025-04-16T15:25:35","date_gmt":"2025-04-16T15:25:35","guid":{"rendered":"https:\/\/new.igihe.com\/french\/Crise-institutionnelle-en-RDC-37413\/"},"modified":"2025-04-16T15:24:29","modified_gmt":"2025-04-16T15:24:29","slug":"Crise-institutionnelle-en-RDC","status":"publish","type":"post","link":"https:\/\/new.igihe.com\/french\/Crise-institutionnelle-en-RDC\/","title":{"rendered":"Crise institutionnelle en RDC"},"content":{"rendered":"<p>En exprimant publiquement son exasp\u00e9ration face \u00e0 la paralysie des travaux parlementaires, sous pr\u00e9texte d\u2019un manque de fournitures administratives, une carence invraisemblable \u00e0 ce niveau de l\u2019appareil d\u2019\u00c9tat, le pr\u00e9sident de la chambre basse laisse entrevoir une r\u00e9bellion feutr\u00e9e, voire une fronde institutionnelle, \u00e0 l\u2019\u00e9gard de la hi\u00e9rarchie \u00e9tatique et de la majorit\u00e9 pr\u00e9sidentielle.<\/p>\n<p>Cette situation n\u2019est pas anodine. Vital Kamerhe, dont les relations avec l\u2019UDPS et la Pr\u00e9sidence se sont consid\u00e9rablement d\u00e9t\u00e9rior\u00e9es, semble instrumentaliser cette crise proc\u00e9durale pour signifier son malaise et d\u00e9noncer, \u00e0 demi-mot, l\u2019isolement politique dans lequel il se retrouve peu \u00e0 peu confin\u00e9. <\/p>\n<p>Les divergences de fond et de forme avec le cercle rapproch\u00e9 du chef de l\u2019\u00c9tat, doubl\u00e9es de querelles de leadership au sein de la majorit\u00e9, fragilisent l\u2019autorit\u00e9 de l\u2019Assembl\u00e9e et r\u00e9v\u00e8lent un dysfonctionnement pr\u00e9occupant au sommet de l\u2019\u00c9tat.<\/p>\n<p>Ce blocage artificiel du travail l\u00e9gislatif par privation de moyens mat\u00e9riels, en r\u00e9alit\u00e9 sympt\u00f4me d\u2019un malaise plus profond, pourrait bien se muer en crise ouverte si les antagonismes persistants ne trouvent pas rapidement d\u2019issue. Car derri\u00e8re cette apparente anecdote se dessine un bras de fer politique aux cons\u00e9quences potentiellement d\u00e9stabilisatrices pour l\u2019\u00e9quilibre des institutions.<\/p>\n<p>Le risque est double : d\u2019abord, celui de voir l\u2019Assembl\u00e9e nationale, institution cl\u00e9 du r\u00e9gime, sombrer dans la paralysie durable, rendant impossible l\u2019adoption des lois budg\u00e9taires, organiques et r\u00e9formes attendues dans le contexte actuel de tensions s\u00e9curitaires et sociales. <\/p>\n<p>Ensuite, celui d\u2019un \u00e9clatement de la majorit\u00e9 pr\u00e9sidentielle elle-m\u00eame, o\u00f9 certaines alliances de circonstance semblent vaciller sous le poids des ambitions personnelles et des calculs politiciens.<\/p>\n<p>Si cette situation perdure, elle pourrait entra\u00eener une crise institutionnelle plus large, mettant en p\u00e9ril la stabilit\u00e9 du pouvoir ex\u00e9cutif et l\u2019ensemble de l\u2019architecture institutionnelle du pays. Car un pr\u00e9sident de l\u2019Assembl\u00e9e en rupture de ban avec la pr\u00e9sidence et se posant en victime d\u2019un boycott officieux pourrait rallier \u00e0 lui des franges m\u00e9contentes de la majorit\u00e9 et de l\u2019opposition, ouvrant la voie \u00e0 une recomposition politique impr\u00e9visible.<\/p>\n<p>Dans ce contexte, la pr\u00e9sidence serait bien avis\u00e9e d\u2019\u00e9viter de sous-estimer la port\u00e9e de cette crispation et de prendre toute la mesure des risques qui planent sur la coh\u00e9sion du sommet de l\u2019\u00c9tat. Car il ne s\u2019agit plus seulement d\u2019une question de fournitures manquantes, mais bien d\u2019un avertissement politique d\u00e9guis\u00e9, qui pourrait annoncer, si rien n\u2019est fait, une s\u00e9quence de fronde parlementaire et d\u2019instabilit\u00e9 institutionnelle pr\u00e9judiciable \u00e0 la gouvernance nationale.<\/p>\n<figure class=\"spip-document spip-document-60183 aligncenter\"><img decoding=\"async\" src=\"https:\/\/fr.igihe.com\/IMG\/jpg\/vit.jpg\" alt=\"Vital Kamerhe, pr\u00e9sident de l\u2019Assembl\u00e9e nationale\" \/><\/figure>\n","protected":false},"excerpt":{"rendered":"<p>La r\u00e9cente d\u00e9claration de Vital Kamerhe, pr\u00e9sident de l\u2019Assembl\u00e9e nationale, d\u00e9voile en filigrane une crise institutionnelle larv\u00e9e qui ne dit pas encore son nom, mais dont les sympt\u00f4mes deviennent chaque jour plus \u00e9vidents. <\/p>\n","protected":false},"author":488,"featured_media":4000060182,"comment_status":"open","ping_status":"open","sticky":false,"template":"","format":"standard","meta":{"footnotes":""},"categories":[7544],"tags":[7605],"byline":[9102],"hashtag":[],"class_list":["post-37413","post","type-post","status-publish","format-standard","has-post-thumbnail","hentry","category-politique","tag-homenews","byline-tite-gatabazi"],"bylines":[{"id":9102,"name":"Tite Gatabazi","slug":"tite-gatabazi","description":"","image":{"id":0,"url":"https:\/\/secure.gravatar.com\/avatar\/?s=96&d=mm&f=y&r=g","alt":"Default avatar","title":"Default avatar","caption":"","mime_type":"image\/jpeg","sizes":[]},"user_id":472}],"contributors":[{"id":9102,"name":"Tite Gatabazi","slug":"tite-gatabazi","description":"","image":{"id":0,"url":"https:\/\/secure.gravatar.com\/avatar\/?s=96&d=mm&f=y&r=g","alt":"Default avatar","title":"Default avatar","caption":"","mime_type":"image\/jpeg","sizes":[]},"user_id":472}],"featured_image":{"id":4000060182,"url":"https:\/\/fr-images.igihe.com\/IMG\/logo\/vit_cp.jpg","alt":"","caption":"","mime_type":"image\/jpeg","width":0,"height":0,"sizes":{"thumbnail":{"url":"https:\/\/fr-images.igihe.com\/IMG\/logo\/vit_cp.jpg","width":1,"height":1},"medium":{"url":"https:\/\/fr-images.igihe.com\/IMG\/logo\/vit_cp.jpg","width":1,"height":1},"medium_large":{"url":"https:\/\/fr-images.igihe.com\/IMG\/logo\/vit_cp.jpg","width":1,"height":1},"large":{"url":"https:\/\/fr-images.igihe.com\/IMG\/logo\/vit_cp.jpg","width":1,"height":1},"full":{"url":"https:\/\/fr-images.igihe.com\/IMG\/logo\/vit_cp.jpg","width":0,"height":0}}},"_links":{"self":[{"href":"https:\/\/new.igihe.com\/french\/wp-json\/wp\/v2\/posts\/37413","targetHints":{"allow":["GET"]}}],"collection":[{"href":"https:\/\/new.igihe.com\/french\/wp-json\/wp\/v2\/posts"}],"about":[{"href":"https:\/\/new.igihe.com\/french\/wp-json\/wp\/v2\/types\/post"}],"author":[{"embeddable":true,"href":"https:\/\/new.igihe.com\/french\/wp-json\/wp\/v2\/users\/488"}],"replies":[{"embeddable":true,"href":"https:\/\/new.igihe.com\/french\/wp-json\/wp\/v2\/comments?post=37413"}],"version-history":[{"count":0,"href":"https:\/\/new.igihe.com\/french\/wp-json\/wp\/v2\/posts\/37413\/revisions"}],"wp:featuredmedia":[{"embeddable":true,"href":"https:\/\/new.igihe.com\/french\/wp-json\/wp\/v2\/media\/4000060182"}],"wp:attachment":[{"href":"https:\/\/new.igihe.com\/french\/wp-json\/wp\/v2\/media?parent=37413"}],"wp:term":[{"taxonomy":"category","embeddable":true,"href":"https:\/\/new.igihe.com\/french\/wp-json\/wp\/v2\/categories?post=37413"},{"taxonomy":"post_tag","embeddable":true,"href":"https:\/\/new.igihe.com\/french\/wp-json\/wp\/v2\/tags?post=37413"},{"taxonomy":"byline","embeddable":true,"href":"https:\/\/new.igihe.com\/french\/wp-json\/wp\/v2\/byline?post=37413"},{"taxonomy":"hashtag","embeddable":true,"href":"https:\/\/new.igihe.com\/french\/wp-json\/wp\/v2\/hashtag?post=37413"}],"curies":[{"name":"wp","href":"https:\/\/api.w.org\/{rel}","templated":true}]}}