{"id":37412,"date":"2025-04-16T15:27:26","date_gmt":"2025-04-16T15:27:26","guid":{"rendered":"https:\/\/new.igihe.com\/french\/La-SAMIDRC-sommee-de-plier-bagages-37412\/"},"modified":"2025-04-16T15:26:34","modified_gmt":"2025-04-16T15:26:34","slug":"La-SAMIDRC-sommee-de-plier-bagages","status":"publish","type":"post","link":"https:\/\/new.igihe.com\/french\/La-SAMIDRC-sommee-de-plier-bagages\/","title":{"rendered":"La SAMIDRC somm\u00e9e de plier bagages"},"content":{"rendered":"<p>Le mouvement accuse ces contingents de violer de mani\u00e8re flagrante les engagements r\u00e9gionaux issus des conventions en vigueur et de saper d\u00e9lib\u00e9r\u00e9ment les efforts laborieusement consentis en vue de la stabilisation durable de la ville et de ses environs.<\/p>\n<p>Cette exigence s\u2019appuie sur une suspicion l\u00e9gitime de rupture de convention, la SAMIRDC \u00e9tant suspect\u00e9e de man\u0153uvres occultes visant \u00e0 compromettre l\u2019ordre public et \u00e0 alimenter l\u2019instabilit\u00e9 chronique dans l\u2019Est de la R\u00e9publique D\u00e9mocratique du Congo. L\u2019AFC\/M23 d\u00e9nonce, en des termes non \u00e9quivoques, la complicit\u00e9 manifeste de ces forces avec les FARDC, les milices Wazalendo et les \u00e9l\u00e9ments r\u00e9siduels des FDLR, qu\u2019elle tient pour co-responsables de l\u2019attaque coordonn\u00e9e perp\u00e9tr\u00e9e le 11 avril dernier contre la ville de Goma.<\/p>\n<p>Le communiqu\u00e9 \u00e9voque avec gravit\u00e9 un sabotage pr\u00e9m\u00e9dit\u00e9 des efforts de pacification et de s\u00e9curisation de la r\u00e9gion, entreprise au m\u00e9pris des engagements souscrits dans le cadre des m\u00e9canismes r\u00e9gionaux de concertation. Cette collusion inacceptable et inadmissible entre acteurs cens\u00e9s \u0153uvrer pour la paix et fauteurs de troubles menace de replonger la population dans l\u2019angoisse et l\u2019incertitude, \u00e0 l\u2019heure o\u00f9 des progr\u00e8s tangibles avaient \u00e9t\u00e9 enregistr\u00e9s en mati\u00e8re de restauration de l\u2019ordre et de reprise socio-\u00e9conomique.<\/p>\n<p>L\u2019AFC\/M23 pr\u00e9vient qu\u2019elle ne saurait tol\u00e9rer la poursuite de telles d\u00e9rives et se r\u00e9serve le droit de prendre toutes les dispositions n\u00e9cessaires pour pr\u00e9server l\u2019int\u00e9grit\u00e9 de la ville, prot\u00e9ger les populations civiles et garantir la continuit\u00e9 des efforts de stabilisation en cours.<\/p>\n<p>Ce ton de mise en garde, sans ambigu\u00eft\u00e9, traduit une volont\u00e9 ferme de rompre avec les complaisances du pass\u00e9 et de faire primer l\u2019int\u00e9r\u00eat sup\u00e9rieur de la paix sur les agendas obscurs et les calculs politiques de certaines parties.<\/p>\n<figure class=\"spip-document spip-document-60181 aligncenter\"><img decoding=\"async\" src=\"https:\/\/fr.igihe.com\/IMG\/jpg\/sam.jpg\" alt=\"L\u2019AFC\/M23 a exig\u00e9 avec fermet\u00e9 le retrait imm\u00e9diat et sans conditions des troupes de la SAMIRDC\" \/><\/figure>\n","protected":false},"excerpt":{"rendered":"<p>Dans un communiqu\u00e9 officiel rendu public, l\u2019AFC\/M23, qui assure actuellement le contr\u00f4le administratif et s\u00e9curitaire de la ville de Goma, a exig\u00e9 avec fermet\u00e9 le retrait imm\u00e9diat et sans conditions des troupes de la SAMIRDC. <\/p>\n","protected":false},"author":488,"featured_media":4000060180,"comment_status":"open","ping_status":"open","sticky":false,"template":"","format":"standard","meta":{"footnotes":""},"categories":[7544],"tags":[7605],"byline":[9102],"hashtag":[],"class_list":["post-37412","post","type-post","status-publish","format-standard","has-post-thumbnail","hentry","category-politique","tag-homenews","byline-tite-gatabazi"],"bylines":[{"id":9102,"name":"Tite Gatabazi","slug":"tite-gatabazi","description":"","image":{"id":0,"url":"https:\/\/secure.gravatar.com\/avatar\/?s=96&d=mm&f=y&r=g","alt":"Default avatar","title":"Default avatar","caption":"","mime_type":"image\/jpeg","sizes":[]},"user_id":472}],"contributors":[{"id":9102,"name":"Tite Gatabazi","slug":"tite-gatabazi","description":"","image":{"id":0,"url":"https:\/\/secure.gravatar.com\/avatar\/?s=96&d=mm&f=y&r=g","alt":"Default avatar","title":"Default avatar","caption":"","mime_type":"image\/jpeg","sizes":[]},"user_id":472}],"featured_image":{"id":4000060180,"url":"https:\/\/fr-images.igihe.com\/IMG\/logo\/sam_cp.jpg","alt":"","caption":"","mime_type":"image\/jpeg","width":0,"height":0,"sizes":{"thumbnail":{"url":"https:\/\/fr-images.igihe.com\/IMG\/logo\/sam_cp.jpg","width":1,"height":1},"medium":{"url":"https:\/\/fr-images.igihe.com\/IMG\/logo\/sam_cp.jpg","width":1,"height":1},"medium_large":{"url":"https:\/\/fr-images.igihe.com\/IMG\/logo\/sam_cp.jpg","width":1,"height":1},"large":{"url":"https:\/\/fr-images.igihe.com\/IMG\/logo\/sam_cp.jpg","width":1,"height":1},"full":{"url":"https:\/\/fr-images.igihe.com\/IMG\/logo\/sam_cp.jpg","width":0,"height":0}}},"_links":{"self":[{"href":"https:\/\/new.igihe.com\/french\/wp-json\/wp\/v2\/posts\/37412","targetHints":{"allow":["GET"]}}],"collection":[{"href":"https:\/\/new.igihe.com\/french\/wp-json\/wp\/v2\/posts"}],"about":[{"href":"https:\/\/new.igihe.com\/french\/wp-json\/wp\/v2\/types\/post"}],"author":[{"embeddable":true,"href":"https:\/\/new.igihe.com\/french\/wp-json\/wp\/v2\/users\/488"}],"replies":[{"embeddable":true,"href":"https:\/\/new.igihe.com\/french\/wp-json\/wp\/v2\/comments?post=37412"}],"version-history":[{"count":0,"href":"https:\/\/new.igihe.com\/french\/wp-json\/wp\/v2\/posts\/37412\/revisions"}],"wp:featuredmedia":[{"embeddable":true,"href":"https:\/\/new.igihe.com\/french\/wp-json\/wp\/v2\/media\/4000060180"}],"wp:attachment":[{"href":"https:\/\/new.igihe.com\/french\/wp-json\/wp\/v2\/media?parent=37412"}],"wp:term":[{"taxonomy":"category","embeddable":true,"href":"https:\/\/new.igihe.com\/french\/wp-json\/wp\/v2\/categories?post=37412"},{"taxonomy":"post_tag","embeddable":true,"href":"https:\/\/new.igihe.com\/french\/wp-json\/wp\/v2\/tags?post=37412"},{"taxonomy":"byline","embeddable":true,"href":"https:\/\/new.igihe.com\/french\/wp-json\/wp\/v2\/byline?post=37412"},{"taxonomy":"hashtag","embeddable":true,"href":"https:\/\/new.igihe.com\/french\/wp-json\/wp\/v2\/hashtag?post=37412"}],"curies":[{"name":"wp","href":"https:\/\/api.w.org\/{rel}","templated":true}]}}