{"id":37410,"date":"2025-04-16T10:04:06","date_gmt":"2025-04-16T10:04:06","guid":{"rendered":"https:\/\/new.igihe.com\/french\/Le-President-Kagame-recoit-la-ministre-senegalaise-Yassine-Fall-37410\/"},"modified":"2025-04-17T09:41:08","modified_gmt":"2025-04-17T09:41:08","slug":"Le-President-Kagame-recoit-la-ministre-senegalaise-Yassine-Fall","status":"publish","type":"post","link":"https:\/\/new.igihe.com\/french\/Le-President-Kagame-recoit-la-ministre-senegalaise-Yassine-Fall\/","title":{"rendered":"Le Pr\u00e9sident Kagame re\u00e7oit la ministre s\u00e9n\u00e9galaise Yassine Fall"},"content":{"rendered":"<p>\u00c0 l\u2019occasion de cette rencontre, le Pr\u00e9sident Kagame \u00e9tait accompagn\u00e9 du ministre des Finances et de la Planification \u00e9conomique, Yusuf Murangwa.<\/p>\n<p>Cette visite intervient deux semaines apr\u00e8s un entretien t\u00e9l\u00e9phonique entre le Pr\u00e9sident Kagame et son homologue s\u00e9n\u00e9galais, au cours duquel ils ont \u00e9chang\u00e9 sur l\u2019\u00e9tat d\u2019avancement du processus de paix r\u00e9gional conduit conjointement par la Communaut\u00e9 d\u2019Afrique de l\u2019Est (EAC) et la Communaut\u00e9 de d\u00e9veloppement de l\u2019Afrique australe (SADC). <\/p>\n<p>Le Pr\u00e9sident Kagame a qualifi\u00e9 ces \u00e9changes de fructueux. L\u2019EAC et la SADC unissent leurs efforts pour r\u00e9soudre la crise s\u00e9curitaire persistante dans l\u2019est de la R\u00e9publique d\u00e9mocratique du Congo, o\u00f9 les forces gouvernementales affrontent les rebelles de l\u2019AFC\/M23.<\/p>\n<p>Lors du sommet conjoint des chefs d\u2019\u00c9tat de l\u2019EAC et de la SADC, tenu le 24 mars dernier, les dirigeants r\u00e9gionaux ont institu\u00e9 un panel compos\u00e9 de cinq anciens chefs d\u2019\u00c9tat, charg\u00e9 de faciliter les pourparlers. Ce panel est copr\u00e9sid\u00e9 par l\u2019ancien pr\u00e9sident k\u00e9nyan Uhuru Kenyatta et son homologue nig\u00e9rian Olusegun Obasanjo. <\/p>\n<p>Par ailleurs, lors de leur entretien t\u00e9l\u00e9phonique le mois dernier, les Pr\u00e9sidents Kagame et Faye ont r\u00e9affirm\u00e9 la solidit\u00e9 des relations \u00e9tablies entre le Rwanda et le S\u00e9n\u00e9gal, fond\u00e9es sur une coop\u00e9ration \u00e9troite et mutuellement avantageuse entre leurs peuples.<\/p>\n<p>Les deux pays entretiennent depuis de nombreuses ann\u00e9es des liens bilat\u00e9raux privil\u00e9gi\u00e9s, consolid\u00e9s par des visites officielles r\u00e9ciproques \u00e0 Dakar et \u00e0 Kigali, ainsi que par la signature de multiples accords de coop\u00e9ration dans des domaines vari\u00e9s.<\/p>\n<figure class=\"spip-document spip-document-60177 aligncenter\"><img decoding=\"async\" src=\"https:\/\/fr.igihe.com\/IMG\/jpg\/pk_1-47.jpg\" alt=\"Le Pr\u00e9sident Paul Kagame a re\u00e7u la ministre s\u00e9n\u00e9galaise de l\u2019Int\u00e9gration africaine et des Affaires \u00e9trang\u00e8res, Yassine Fall\" \/><\/figure>\n","protected":false},"excerpt":{"rendered":"<p>Le Pr\u00e9sident Paul Kagame a re\u00e7u ce mardi 15 avril 2025, la ministre s\u00e9n\u00e9galaise de l\u2019Int\u00e9gration africaine et des Affaires \u00e9trang\u00e8res, Yassine Fall, venue lui transmettre un message de la part du Pr\u00e9sident Bassirou Diomaye Faye.<\/p>\n","protected":false},"author":488,"featured_media":4000060176,"comment_status":"open","ping_status":"open","sticky":false,"template":"","format":"standard","meta":{"footnotes":""},"categories":[7544],"tags":[7605],"byline":[9865],"hashtag":[],"class_list":["post-37410","post","type-post","status-publish","format-standard","has-post-thumbnail","hentry","category-politique","tag-homenews","byline-alain-bertrand-tunezerwe"],"bylines":[{"id":9865,"name":"Alain Bertrand Tunezerwe","slug":"alain-bertrand-tunezerwe","description":"","image":{"id":0,"url":"https:\/\/secure.gravatar.com\/avatar\/?s=96&d=mm&f=y&r=g","alt":"Default avatar","title":"Default avatar","caption":"","mime_type":"image\/jpeg","sizes":[]},"user_id":452}],"contributors":[{"id":9865,"name":"Alain Bertrand Tunezerwe","slug":"alain-bertrand-tunezerwe","description":"","image":{"id":0,"url":"https:\/\/secure.gravatar.com\/avatar\/?s=96&d=mm&f=y&r=g","alt":"Default avatar","title":"Default avatar","caption":"","mime_type":"image\/jpeg","sizes":[]},"user_id":452}],"featured_image":{"id":4000060176,"url":"https:\/\/fr-images.igihe.com\/IMG\/logo\/pk_1_cp-8.jpg","alt":"","caption":"","mime_type":"image\/jpeg","width":0,"height":0,"sizes":{"thumbnail":{"url":"https:\/\/fr-images.igihe.com\/IMG\/logo\/pk_1_cp-8.jpg","width":1,"height":1},"medium":{"url":"https:\/\/fr-images.igihe.com\/IMG\/logo\/pk_1_cp-8.jpg","width":1,"height":1},"medium_large":{"url":"https:\/\/fr-images.igihe.com\/IMG\/logo\/pk_1_cp-8.jpg","width":1,"height":1},"large":{"url":"https:\/\/fr-images.igihe.com\/IMG\/logo\/pk_1_cp-8.jpg","width":1,"height":1},"full":{"url":"https:\/\/fr-images.igihe.com\/IMG\/logo\/pk_1_cp-8.jpg","width":0,"height":0}}},"_links":{"self":[{"href":"https:\/\/new.igihe.com\/french\/wp-json\/wp\/v2\/posts\/37410","targetHints":{"allow":["GET"]}}],"collection":[{"href":"https:\/\/new.igihe.com\/french\/wp-json\/wp\/v2\/posts"}],"about":[{"href":"https:\/\/new.igihe.com\/french\/wp-json\/wp\/v2\/types\/post"}],"author":[{"embeddable":true,"href":"https:\/\/new.igihe.com\/french\/wp-json\/wp\/v2\/users\/488"}],"replies":[{"embeddable":true,"href":"https:\/\/new.igihe.com\/french\/wp-json\/wp\/v2\/comments?post=37410"}],"version-history":[{"count":0,"href":"https:\/\/new.igihe.com\/french\/wp-json\/wp\/v2\/posts\/37410\/revisions"}],"wp:featuredmedia":[{"embeddable":true,"href":"https:\/\/new.igihe.com\/french\/wp-json\/wp\/v2\/media\/4000060176"}],"wp:attachment":[{"href":"https:\/\/new.igihe.com\/french\/wp-json\/wp\/v2\/media?parent=37410"}],"wp:term":[{"taxonomy":"category","embeddable":true,"href":"https:\/\/new.igihe.com\/french\/wp-json\/wp\/v2\/categories?post=37410"},{"taxonomy":"post_tag","embeddable":true,"href":"https:\/\/new.igihe.com\/french\/wp-json\/wp\/v2\/tags?post=37410"},{"taxonomy":"byline","embeddable":true,"href":"https:\/\/new.igihe.com\/french\/wp-json\/wp\/v2\/byline?post=37410"},{"taxonomy":"hashtag","embeddable":true,"href":"https:\/\/new.igihe.com\/french\/wp-json\/wp\/v2\/hashtag?post=37410"}],"curies":[{"name":"wp","href":"https:\/\/api.w.org\/{rel}","templated":true}]}}