{"id":37403,"date":"2025-04-15T13:36:44","date_gmt":"2025-04-15T13:36:44","guid":{"rendered":"https:\/\/new.igihe.com\/french\/Evariste-Ndayishimiye-Un-chef-d-Etat-en-quete-de-bouc-emissaire-37403\/"},"modified":"2025-04-17T13:51:54","modified_gmt":"2025-04-17T13:51:54","slug":"Evariste-Ndayishimiye-Un-chef-d-Etat-en-quete-de-bouc-emissaire","status":"publish","type":"post","link":"https:\/\/new.igihe.com\/french\/Evariste-Ndayishimiye-Un-chef-d-Etat-en-quete-de-bouc-emissaire\/","title":{"rendered":"Evariste Ndayishimiye : Un chef d&#8217;\u00c9tat en qu\u00eate de bouc \u00e9missaire"},"content":{"rendered":"<p>La sortie qui a particuli\u00e8rement d\u00e9fray\u00e9 la chronique est celle accord\u00e9e \u00e0 la BBC fin mars, au cours de laquelle il a affirm\u00e9 d\u00e9tenir des \u00ab informations fiables \u00bb selon lesquelles le Rwanda pr\u00e9parerait une attaque contre le Burundi. \u00ab S\u2019ils veulent atteindre Bujumbura en passant par la R\u00e9publique d\u00e9mocratique du Congo, pour nous, atteindre Kigali via Kirundo n\u2019est pas non plus compliqu\u00e9. \u00bb   Il a-t-il ajout\u00e9.<\/p>\n<p>Le Rwanda serait-il devenu le cauchemar \u00e9veill\u00e9 de Ndayishimiye ? Ou s\u2019agit-il simplement d\u2019une strat\u00e9gie politique qu\u2019il est seul \u00e0 comprendre ? Ce qui est certain, c\u2019est qu\u2019il n\u2019y a actuellement aucune guerre entre le Rwanda et le Burundi. Mais comme le dit l\u2019adage, \u00ab il n\u2019y a pas de fum\u00e9e sans feu \u00bb. <\/p>\n<p>Pour de nombreux analystes de la politique r\u00e9gionale, les accusations r\u00e9p\u00e9t\u00e9es de Ndayishimiye envers le Rwanda traduisent surtout une crainte de r\u00e9percussions de son engagement militaire aux c\u00f4t\u00e9s de F\u00e9lix Tshisekedi, dans la guerre qui fait rage \u00e0 l\u2019Est de la RDC. Le pr\u00e9sident burundais s\u2019est en effet align\u00e9 sur la m\u00eame ligne que son homologue congolais, avec lequel il partage depuis des ann\u00e9es une hostilit\u00e9 envers Kigali, affirmant m\u00eame vouloir renverser le pouvoir en place \u00e0 Kigali.<\/p>\n<p>{{Ndayishimiye troque la vie de civils innocents contre des dollars}}<\/p>\n<p>Le choix de Ndayishimiye de soutenir militairement les forces de Tshisekedi contre les rebelles de l\u2019AFC\/M23 a \u00e9t\u00e9 largement critiqu\u00e9, y compris au sein de son propre pays, aussi bien par des figures politiques que par de hauts grad\u00e9s de l\u2019arm\u00e9e burundaise.<\/p>\n<p>Son implication repose non seulement sur une id\u00e9ologie anti-Tutsi, mais aussi sur la propagande congolaise qui pr\u00e9sente le M23 comme un groupe de Tutsi rwandophones cherchant \u00e0 s\u2019emparer de l\u2019Est de la RDC. Or, cette rh\u00e9torique des &#8216;\u00e9trangers dans leur propre pays&#8217; est pr\u00e9cis\u00e9ment celle qui, depuis 1996, a pouss\u00e9 les Congolais rwandophones \u00e0 prendre les armes pour se d\u00e9fendre face aux massacres, aux incendies de maisons, au pillage de leurs troupeaux, aux ann\u00e9es pass\u00e9es dans des camps de r\u00e9fugi\u00e9s, tandis que l\u2019\u00c9tat congolais demeurait passif.<\/p>\n<p>Selon les observations, le M23, qui revendique aujourd\u2019hui le droit des populations locales s\u2019est engag\u00e9 dans la lutte arm\u00e9e pour stopper les violences perp\u00e9tr\u00e9es par Kinshasa.<\/p>\n<p>L\u2019autre motivation de Ndayishimiye semble bien \u00eatre financi\u00e8re : il recevrait des paiements de Tshisekedi proportionnels \u00e0 l\u2019intensit\u00e9 du conflit. R\u00e9soudre ce conflit par des moyens pacifiques serait pour lui une perte s\u00e8che.<\/p>\n<p>La d\u00e9cision d\u2019envoyer pr\u00e8s de 20 000 soldats burundais dans le but de soutenir les forces congolaises dans la lutte contre l\u2019AFC\/M23 a profond\u00e9ment choqu\u00e9 l\u2019opinion publique burundaise. Beaucoup s\u2019interrogent sur la raison d\u2019un tel engagement dans un conflit qui ne les concerne pas directement.<\/p>\n<p>Qu\u2019il s\u2019agisse des soldats d\u00e9ploy\u00e9s en RDC, de ceux rest\u00e9s au pays, de leurs familles, de membres du gouvernement ou m\u00eame de cadres du CNDD-FDD, parti au pouvoir, nombreux sont ceux qui d\u00e9sapprouvent cette orientation. La fronde contre Ndayishimiye ne cesse de s\u2019intensifier \u00e0 l\u2019approche de l\u2019\u00e9lection pr\u00e9sidentielle de mai 2027, \u00e0 laquelle il compte briguer un nouveau mandat.<\/p>\n<p>Face \u00e0 l\u2019h\u00e9morragie de d\u00e9serteurs sur le front congolais, Ndayishimiye a d\u00e9p\u00each\u00e9 les Imbonerakure dans le territoire d\u2019Uvira, avec pour mission, traquer et ex\u00e9cuter les soldats burundais ayant tent\u00e9 de fuir les combats. Ces miliciens agissent d\u00e9sormais comme les sinistres Interahamwe du Rwanda \u00e0 l\u2019\u00e9poque de Habyarimana.<\/p>\n<p>Pendant ce temps, le Burundi est plong\u00e9 dans une profonde crise \u00e9conomique, marqu\u00e9e par un ch\u00f4mage end\u00e9mique, des p\u00e9nuries de carburant, de sucre et de devises \u00e9trang\u00e8res. Ndayishimiye semble miser toute sa strat\u00e9gie sur l\u2019alliance avec Tshisekedi, esp\u00e9rant en retour continuer de percevoir des compensations en dollars.<\/p>\n<p>{{Les attaques du RED-Tabara : un r\u00e9v\u00e9lateur de l\u2019impuissance militaire}}<\/p>\n<p>Le 22 d\u00e9cembre 2023, le groupe rebelle RED-Tabara a lanc\u00e9 une attaque dans la zone de Gatumba, province de Bujumbura, \u00e0 proximit\u00e9 de la fronti\u00e8re avec la RDC. Le groupe a affirm\u00e9 avoir tu\u00e9 neuf soldats burundais et un policier. Le gouvernement burundais, lui, a parl\u00e9 de 20 civils tu\u00e9s, dont un b\u00e9b\u00e9 de cinq mois et des femmes enceintes.<\/p>\n<p>En f\u00e9vrier 2024, RED-Tabara a revendiqu\u00e9 de nouvelles attaques, notamment contre les bureaux du CNDD-FDD \u00e0 Buringa, et contre des positions militaires dans les zones de Mpanda et \u00ab Kwa Ndombolo \u00bb en commune de Buringa.<\/p>\n<p>Ces attaques ont mis en lumi\u00e8re l\u2019incapacit\u00e9 du r\u00e9gime \u00e0 prot\u00e9ger ses citoyens, malgr\u00e9 la pr\u00e9sence des troupes burundaises dans le Sud-Kivu depuis 2021, pr\u00e9tendument pour y combattre le RED-Tabara.<\/p>\n<p>Or, selon plusieurs rapports, dont ceux des Nations unies, ces troupes se seraient peu engag\u00e9es dans la lutte contre le M23. Elles seraient plut\u00f4t impliqu\u00e9es dans l\u2019exploitation ill\u00e9gale d\u2019or, ainsi que dans des op\u00e9rations conjointes avec des milices Ma\u00ef-Ma\u00ef contre le groupe Twirwaneho, connu pour d\u00e9fendre la communaut\u00e9 banyamulenge.<\/p>\n<p>Dans ces conditions, difficile pour les habitants de Mabayi \u2014 localit\u00e9 frontali\u00e8re de la for\u00eat de Kibira, voisine de celle de Nyungwe au Rwanda \u2014 de dormir sur leurs deux oreilles, pendant que leur pr\u00e9sident s\u2019\u00e9poumone \u00e0 menacer un voisin avec lequel il n\u2019est m\u00eame pas en guerre.<\/p>\n<p>{{Une diversion pour masquer l\u2019\u00e9chec}}<\/p>\n<p>Au lieu de se consacrer \u00e0 la s\u00e9curit\u00e9 des Burundais, Ndayishimiye s\u2019acharne sur le Rwanda, n\u2019h\u00e9sitant pas \u00e0 invoquer des r\u00e9f\u00e9rences bibliques pour justifier ses diatribes. \u00c0 l\u2019inverse, lorsque le pr\u00e9sident Paul Kagame affirme que les Rwandais peuvent \u00ab dormir en paix \u00bb, ce n\u2019est pas une formule rh\u00e9torique : c\u2019est l\u2019expression concr\u00e8te d\u2019un leadership assum\u00e9.<\/p>\n<p>Menacer de mobiliser la population pour aller se battre contre le Rwanda, alors qu\u2019il n\u2019existe aucune guerre entre les deux pays, r\u00e9v\u00e8le la faiblesse d\u2019un pr\u00e9sident qui a trahi la confiance de son peuple, en l\u2019isolant au lieu de promouvoir l\u2019int\u00e9gration r\u00e9gionale et les \u00e9changes transfrontaliers.<\/p>\n<p>Cette obsession du Rwanda trahit en r\u00e9alit\u00e9 une profonde anxi\u00e9t\u00e9. Ndayishimiye est conscient que ses choix, hasardeux et non concert\u00e9s, l\u2019ont plac\u00e9 dans une impasse.<\/p>\n<p>Il sait aussi que, malgr\u00e9 la pr\u00e9sence de ses troupes en RDC depuis quatre ans sous pr\u00e9texte de lutter contre RED-Tabara, leur v\u00e9ritable impact est nul. Ces troupes sont plut\u00f4t accus\u00e9es de crimes de guerre, notamment contre les Banyamulenge.<\/p>\n<p>La strat\u00e9gie consistant \u00e0 accuser le Rwanda est une vieille ficelle d\u00e9j\u00e0 us\u00e9e par son \u00ab ami \u00bb Tshisekedi, qui, apr\u00e8s l\u2019avoir longtemps diabolis\u00e9, en vient aujourd\u2019hui \u00e0 accepter l\u2019id\u00e9e de n\u00e9gociations avec l\u2019AFC\/M23 qu\u2019il qualifiait jadis de groupe terroriste.<\/p>\n<p>{{Le Rwanda, la menace imaginaire ?}}<\/p>\n<p>Si le Rwanda n\u2019a pas attaqu\u00e9 le Burundi lorsque des \u00e9l\u00e9ments du FLN ont men\u00e9 des incursions arm\u00e9es depuis la for\u00eat de Kibira via Nyungwe, pourquoi le ferait-il aujourd\u2019hui ? Qu\u2019est-ce qui justifie, \u00e0 pr\u00e9sent, les menaces infond\u00e9es brandies par Ndayishimiye ?<\/p>\n<p>La sagesse voudrait qu\u2019il s\u2019attaque d\u2019abord aux probl\u00e8mes internes de son pays au lieu de chercher un bouc \u00e9missaire. Le pr\u00e9sident burundais ferait mieux de retirer ses troupes du conflit en RDC soutenir sinc\u00e8rement le processus de dialogue r\u00e9cemment relanc\u00e9 entre le Rwanda et le Burundi.<\/p>\n<p>Le Rwanda sait mieux que quiconque dans la r\u00e9gion ce que signifient la paix, le prix qu\u2019elle exige, et les ravages caus\u00e9s par la guerre et la haine ethnique. Il n\u2019a aucun int\u00e9r\u00eat \u00e0 engager un conflit avec le Burundi, d\u2019autant qu\u2019aucun motif s\u00e9rieux ne le justifie.<\/p>\n<figure class=\"spip-document spip-document-60173 aligncenter\"><img decoding=\"async\" src=\"https:\/\/fr.igihe.com\/IMG\/jpg\/nd-4.jpg\" alt=\"Evariste Ndayishimiye appara\u00eet comme un chef d\u2019\u00c9tat en qu\u00eate de bouc \u00e9missaire, d\u00e9tournant l\u2019attention des probl\u00e8mes internes de son pays\" \/><\/figure>\n","protected":false},"excerpt":{"rendered":"<p>Une analyse des discours du pr\u00e9sident burundais \u00c9variste Ndayishimiye depuis le d\u00e9but de l\u2019ann\u00e9e r\u00e9v\u00e8le qu\u2019il est devenu rare, voire exceptionnel, qu\u2019il prenne la parole sans \u00e9voquer le Rwanda.<\/p>\n","protected":false},"author":488,"featured_media":4000060172,"comment_status":"open","ping_status":"open","sticky":false,"template":"","format":"standard","meta":{"footnotes":""},"categories":[7544],"tags":[7603,7605],"byline":[7717],"hashtag":[],"class_list":["post-37403","post","type-post","status-publish","format-standard","has-post-thumbnail","hentry","category-politique","tag-featured-news-home","tag-homenews","byline-igihe"],"bylines":[{"id":7717,"name":"IGIHE","slug":"igihe","description":"","image":{"id":0,"url":"https:\/\/secure.gravatar.com\/avatar\/?s=96&d=mm&f=y&r=g","alt":"Default avatar","title":"Default avatar","caption":"","mime_type":"image\/jpeg","sizes":[]},"user_id":393}],"contributors":[{"id":7717,"name":"IGIHE","slug":"igihe","description":"","image":{"id":0,"url":"https:\/\/secure.gravatar.com\/avatar\/?s=96&d=mm&f=y&r=g","alt":"Default avatar","title":"Default avatar","caption":"","mime_type":"image\/jpeg","sizes":[]},"user_id":393}],"featured_image":{"id":4000060172,"url":"https:\/\/fr-images.igihe.com\/IMG\/logo\/nd_cp.jpg","alt":"","caption":"","mime_type":"image\/jpeg","width":0,"height":0,"sizes":{"thumbnail":{"url":"https:\/\/fr-images.igihe.com\/IMG\/logo\/nd_cp.jpg","width":1,"height":1},"medium":{"url":"https:\/\/fr-images.igihe.com\/IMG\/logo\/nd_cp.jpg","width":1,"height":1},"medium_large":{"url":"https:\/\/fr-images.igihe.com\/IMG\/logo\/nd_cp.jpg","width":1,"height":1},"large":{"url":"https:\/\/fr-images.igihe.com\/IMG\/logo\/nd_cp.jpg","width":1,"height":1},"full":{"url":"https:\/\/fr-images.igihe.com\/IMG\/logo\/nd_cp.jpg","width":0,"height":0}}},"_links":{"self":[{"href":"https:\/\/new.igihe.com\/french\/wp-json\/wp\/v2\/posts\/37403","targetHints":{"allow":["GET"]}}],"collection":[{"href":"https:\/\/new.igihe.com\/french\/wp-json\/wp\/v2\/posts"}],"about":[{"href":"https:\/\/new.igihe.com\/french\/wp-json\/wp\/v2\/types\/post"}],"author":[{"embeddable":true,"href":"https:\/\/new.igihe.com\/french\/wp-json\/wp\/v2\/users\/488"}],"replies":[{"embeddable":true,"href":"https:\/\/new.igihe.com\/french\/wp-json\/wp\/v2\/comments?post=37403"}],"version-history":[{"count":0,"href":"https:\/\/new.igihe.com\/french\/wp-json\/wp\/v2\/posts\/37403\/revisions"}],"wp:featuredmedia":[{"embeddable":true,"href":"https:\/\/new.igihe.com\/french\/wp-json\/wp\/v2\/media\/4000060172"}],"wp:attachment":[{"href":"https:\/\/new.igihe.com\/french\/wp-json\/wp\/v2\/media?parent=37403"}],"wp:term":[{"taxonomy":"category","embeddable":true,"href":"https:\/\/new.igihe.com\/french\/wp-json\/wp\/v2\/categories?post=37403"},{"taxonomy":"post_tag","embeddable":true,"href":"https:\/\/new.igihe.com\/french\/wp-json\/wp\/v2\/tags?post=37403"},{"taxonomy":"byline","embeddable":true,"href":"https:\/\/new.igihe.com\/french\/wp-json\/wp\/v2\/byline?post=37403"},{"taxonomy":"hashtag","embeddable":true,"href":"https:\/\/new.igihe.com\/french\/wp-json\/wp\/v2\/hashtag?post=37403"}],"curies":[{"name":"wp","href":"https:\/\/api.w.org\/{rel}","templated":true}]}}