{"id":37399,"date":"2025-04-14T14:43:23","date_gmt":"2025-04-14T14:43:23","guid":{"rendered":"https:\/\/new.igihe.com\/french\/Le-president-Museveni-exhorte-l-armee-burundaise-a-rejeter-l-ethnicisme-37399\/"},"modified":"2025-04-14T14:41:27","modified_gmt":"2025-04-14T14:41:27","slug":"Le-president-Museveni-exhorte-l-armee-burundaise-a-rejeter-l-ethnicisme","status":"publish","type":"post","link":"https:\/\/new.igihe.com\/french\/Le-president-Museveni-exhorte-l-armee-burundaise-a-rejeter-l-ethnicisme\/","title":{"rendered":"Le pr\u00e9sident Museveni exhorte l&#8217;arm\u00e9e burundaise \u00e0 rejeter l&#8217;ethnicisme"},"content":{"rendered":"<p>Il leur a adress\u00e9 ce message empreint de sagesse \u00e0 l\u2019occasion de leur visite officielle en Ouganda.<\/p>\n<p>Ce groupe de 26 officiers sup\u00e9rieurs burundais, conduit par le colonel Jonas Sabushimike, effectue une mission d\u2019\u00e9tude visant \u00e0 s\u2019inspirer de l\u2019histoire et des avanc\u00e9es accomplies par l\u2019Ouganda sous la gouvernance du Mouvement de R\u00e9sistance Nationale (NRM).<\/p>\n<p>Museveni a expliqu\u00e9 \u00e0 ses h\u00f4tes que le sous-d\u00e9veloppement de l\u2019Afrique s\u2019explique en grande partie par des erreurs politiques fond\u00e9es sur les divisions ethniques, religieuses et d\u2019autres clivages sociaux.<\/p>\n<p>\u00ab La politique, c\u2019est comme un m\u00e9dicament : si le diagnostic est erron\u00e9, le traitement sera inadapt\u00e9, et le patient ne gu\u00e9rira pas. Apr\u00e8s les ind\u00e9pendances, de nombreux dirigeants africains ont mal analys\u00e9 les v\u00e9ritables probl\u00e8mes du continent, en mettant l\u2019accent sur les appartenances ethniques. Au lieu de poser les bonnes questions \u2014 \u201cPourquoi sommes-nous pauvres ? Pourquoi ne progressons-nous pas ?\u201d \u2014 Au contraire, ils demandaient plut\u00f4t : \u201c\u00c0 quelle ethnie appartiens-tu ? Quelle est ta religion ?\u201d \u00bb, a-t-il d\u00e9clar\u00e9.<\/p>\n<p>Le pr\u00e9sident Museveni a soulign\u00e9 que toute politique fond\u00e9e sur l\u2019ethnie constitue un obstacle majeur au d\u00e9veloppement.<\/p>\n<p>Il a ainsi exhort\u00e9 les militaires burundais \u00e0 mettre en pratique ses recommandations d\u00e8s leur retour au pays, afin de contribuer au renforcement des Forces arm\u00e9es burundaises et au progr\u00e8s global de la nation.<\/p>\n<figure class=\"spip-document spip-document-60150 aligncenter\"><img decoding=\"async\" src=\"https:\/\/fr.igihe.com\/IMG\/jpg\/ug-6.jpg\" alt=\"Le pr\u00e9sident ougandais a exhort\u00e9 les forces arm\u00e9es burundaises \u00e0 bannir toute politique sectaire bas\u00e9e sur l\u2019ethnicit\u00e9\" \/><\/figure>\n","protected":false},"excerpt":{"rendered":"<p>Le pr\u00e9sident ougandais, Yoweri Kaguta Museveni, a exhort\u00e9 les forces arm\u00e9es burundaises \u00e0 bannir toute politique sectaire bas\u00e9e sur l&#8217;ethnicit\u00e9, les encourageant \u00e0 promouvoir l&#8217;unit\u00e9 nationale et \u00e0 s&#8217;investir pleinement dans l&#8217;essor \u00e9conomique.<\/p>\n","protected":false},"author":488,"featured_media":4000060149,"comment_status":"open","ping_status":"open","sticky":false,"template":"","format":"standard","meta":{"footnotes":""},"categories":[7544],"tags":[7605],"byline":[9865],"hashtag":[],"class_list":["post-37399","post","type-post","status-publish","format-standard","has-post-thumbnail","hentry","category-politique","tag-homenews","byline-alain-bertrand-tunezerwe"],"bylines":[{"id":9865,"name":"Alain Bertrand Tunezerwe","slug":"alain-bertrand-tunezerwe","description":"","image":{"id":0,"url":"https:\/\/secure.gravatar.com\/avatar\/?s=96&d=mm&f=y&r=g","alt":"Default avatar","title":"Default avatar","caption":"","mime_type":"image\/jpeg","sizes":[]},"user_id":452}],"contributors":[{"id":9865,"name":"Alain Bertrand Tunezerwe","slug":"alain-bertrand-tunezerwe","description":"","image":{"id":0,"url":"https:\/\/secure.gravatar.com\/avatar\/?s=96&d=mm&f=y&r=g","alt":"Default avatar","title":"Default avatar","caption":"","mime_type":"image\/jpeg","sizes":[]},"user_id":452}],"featured_image":{"id":4000060149,"url":"https:\/\/fr-images.igihe.com\/IMG\/logo\/ug_cp.jpg","alt":"","caption":"","mime_type":"image\/jpeg","width":0,"height":0,"sizes":{"thumbnail":{"url":"https:\/\/fr-images.igihe.com\/IMG\/logo\/ug_cp.jpg","width":1,"height":1},"medium":{"url":"https:\/\/fr-images.igihe.com\/IMG\/logo\/ug_cp.jpg","width":1,"height":1},"medium_large":{"url":"https:\/\/fr-images.igihe.com\/IMG\/logo\/ug_cp.jpg","width":1,"height":1},"large":{"url":"https:\/\/fr-images.igihe.com\/IMG\/logo\/ug_cp.jpg","width":1,"height":1},"full":{"url":"https:\/\/fr-images.igihe.com\/IMG\/logo\/ug_cp.jpg","width":0,"height":0}}},"_links":{"self":[{"href":"https:\/\/new.igihe.com\/french\/wp-json\/wp\/v2\/posts\/37399","targetHints":{"allow":["GET"]}}],"collection":[{"href":"https:\/\/new.igihe.com\/french\/wp-json\/wp\/v2\/posts"}],"about":[{"href":"https:\/\/new.igihe.com\/french\/wp-json\/wp\/v2\/types\/post"}],"author":[{"embeddable":true,"href":"https:\/\/new.igihe.com\/french\/wp-json\/wp\/v2\/users\/488"}],"replies":[{"embeddable":true,"href":"https:\/\/new.igihe.com\/french\/wp-json\/wp\/v2\/comments?post=37399"}],"version-history":[{"count":0,"href":"https:\/\/new.igihe.com\/french\/wp-json\/wp\/v2\/posts\/37399\/revisions"}],"wp:featuredmedia":[{"embeddable":true,"href":"https:\/\/new.igihe.com\/french\/wp-json\/wp\/v2\/media\/4000060149"}],"wp:attachment":[{"href":"https:\/\/new.igihe.com\/french\/wp-json\/wp\/v2\/media?parent=37399"}],"wp:term":[{"taxonomy":"category","embeddable":true,"href":"https:\/\/new.igihe.com\/french\/wp-json\/wp\/v2\/categories?post=37399"},{"taxonomy":"post_tag","embeddable":true,"href":"https:\/\/new.igihe.com\/french\/wp-json\/wp\/v2\/tags?post=37399"},{"taxonomy":"byline","embeddable":true,"href":"https:\/\/new.igihe.com\/french\/wp-json\/wp\/v2\/byline?post=37399"},{"taxonomy":"hashtag","embeddable":true,"href":"https:\/\/new.igihe.com\/french\/wp-json\/wp\/v2\/hashtag?post=37399"}],"curies":[{"name":"wp","href":"https:\/\/api.w.org\/{rel}","templated":true}]}}