{"id":37392,"date":"2025-04-14T11:24:07","date_gmt":"2025-04-14T11:24:07","guid":{"rendered":"https:\/\/new.igihe.com\/french\/Le-pari-perilleux-de-Faure-Gnassingbe-en-RDC-37392\/"},"modified":"2025-04-14T11:21:40","modified_gmt":"2025-04-14T11:21:40","slug":"Le-pari-perilleux-de-Faure-Gnassingbe-en-RDC","status":"publish","type":"post","link":"https:\/\/new.igihe.com\/french\/Le-pari-perilleux-de-Faure-Gnassingbe-en-RDC\/","title":{"rendered":"Le pari p\u00e9rilleux de Faure Gnassingb\u00e9 en RDC"},"content":{"rendered":"<p>Cette nomination, ent\u00e9rin\u00e9e le 12 avril dernier par la proc\u00e9dure de silence au sein de l\u2019organisation panafricaine, consacre non seulement le retour d\u2019un acteur ouest-africain dans les c\u00e9nacles diplomatiques de l\u2019Afrique centrale, mais marque aussi, dans les faits, l\u2019\u00e9chec des dispositifs ant\u00e9rieurs \u00e0 circonscrire un conflit d\u00e9sormais enkyst\u00e9.<\/p>\n<p>\u00c0 bien des \u00e9gards, cette initiative rappelle le r\u00f4le jadis d\u00e9volu \u00e0 Edem Kodjo, autre illustre fils du Togo, qui s\u2019illustra, dans les ann\u00e9es r\u00e9centes, par son implication dans les arcanes des m\u00e9diations congolaises. Pourtant, le contexte contemporain pr\u00e9sente une gravit\u00e9 d\u2019une autre nature : la RDC s\u2019enlise dans une spirale de violences o\u00f9 les logiques militaires, les enjeux politiques int\u00e9rieurs et les calculs g\u00e9opolitiques s\u2019entrelacent dans une trame explosive.<\/p>\n<p>Le 10 ao\u00fbt 2016, l\u2019Union africaine investissait Edem Kodjo de la d\u00e9licate mission de faciliter le dialogue politique en R\u00e9publique D\u00e9mocratique du Congo, dans un contexte de tensions exacerb\u00e9es entre le pouvoir en place et les forces d\u2019opposition. <\/p>\n<p>D\u00e8s les premiers jours de son mandat, l\u2019\u00e9minent diplomate togolais s\u2019employa \u00e0 tisser les premiers fils d\u2019une concertation nationale, en engageant des \u00e9changes avec les principaux acteurs de la sc\u00e8ne congolaise. <\/p>\n<p>L\u2019un de ses entretiens les plus embl\u00e9matiques fut celui qu\u2019il mena avec la Conf\u00e9rence \u00e9piscopale nationale du Congo (CENCO), institution eccl\u00e9siastique d\u2019un poids moral et politique consid\u00e9rable, souvent per\u00e7ue comme la conscience vigilante de la nation. Cette initiative traduisait la volont\u00e9 du facilitateur de s\u2019appuyer sur les relais de l\u00e9gitimit\u00e9 les plus enracin\u00e9s afin d\u2019ouvrir une voie de conciliation dans un paysage politique profond\u00e9ment fragment\u00e9.<\/p>\n<p>{{Kinshasa, un pouvoir fragilis\u00e9 et diplomatiquement esseul\u00e9}}<\/p>\n<p>Le r\u00e9gime du Pr\u00e9sident F\u00e9lix Tshisekedi traverse, aujourd\u2019hui, l\u2019une des s\u00e9quences les plus critiques de son histoire r\u00e9cente. Sur le terrain militaire, les Forces arm\u00e9es de la RDC et ses suppl\u00e9tifs FDLR\/wazalendo se montrent incapables de contenir la d\u00e9termination de l\u2019AFC\/M23, dont les avanc\u00e9es se poursuivent en d\u00e9pit des d\u00e9clarations martiales et des cessez-le-feu \u00e9ph\u00e9m\u00e8res. Cette impuissance, d\u00e9sormais manifeste, met \u00e0 nu les vuln\u00e9rabilit\u00e9s structurelles de l\u2019appareil s\u00e9curitaire congolais.<\/p>\n<p>Sur le plan politique int\u00e9rieur, le pouvoir central peine \u00e0 maintenir une coh\u00e9sion nationale effective. L\u2019\u00e9rosion de la confiance populaire, exacerb\u00e9e par une gouvernance jug\u00e9e calamiteuse  et peu inclusive, conjugu\u00e9e \u00e0 des tensions communautaires attis\u00e9es par le conflit, entame dangereusement la l\u00e9gitimit\u00e9 institutionnelle du pouvoir. Loin de renforcer l\u2019autorit\u00e9 de Kinshasa, le conflit dans l\u2019Est agit en catalyseur des fragmentations internes.<\/p>\n<p>Quant \u00e0 la sc\u00e8ne diplomatique, elle se caract\u00e9rise par un isolement progressif du pouvoir congolais. Les accusations r\u00e9p\u00e9t\u00e9es port\u00e9es contre Kigali, accus\u00e9 de soutenir le M23, ont certes trouv\u00e9 un certain \u00e9cho au sein de la communaut\u00e9 internationale, mais n\u2019ont d\u00e9bouch\u00e9 sur aucun r\u00e9\u00e9quilibrage strat\u00e9gique significatif. <\/p>\n<p>Le d\u00e9part du m\u00e9diateur angolais Jo\u00e3o Louren\u00e7o et la multiplication des initiatives parall\u00e8les notamment celle conduite par le Qatar traduisent le morcellement du front diplomatique et la difficult\u00e9 de Kinshasa \u00e0 ma\u00eetriser la dynamique des n\u00e9gociations.<\/p>\n<p>{{Faure Gnassingb\u00e9 face \u00e0 un champ de ruines diplomatique}}<\/p>\n<p>C\u2019est dans cet environnement d\u00e9l\u00e9t\u00e8re que le Pr\u00e9sident togolais est appel\u00e9 \u00e0 intervenir. Sa mission s\u2019annonce d\u2019une rare complexit\u00e9. Elle devra, en premier lieu, restaurer un minimum de confiance entre des parties que tout oppose et dont la bonne foi est r\u00e9guli\u00e8rement mise en doute. Les pr\u00e9c\u00e9dentes m\u00e9diations se sont syst\u00e9matiquement heurt\u00e9es \u00e0 un mur de suspicion r\u00e9ciproque, nourri par des cessez-le-feu sans lendemain et des violations r\u00e9p\u00e9t\u00e9es des engagements pris.<\/p>\n<p>Ensuite, il lui faudra harmoniser des processus de paix disparates celui de Nairobi sous l\u2019\u00e9gide de la Communaut\u00e9 d\u2019Afrique de l\u2019Est et celui de Luanda conduit par l\u2019Angola qui, jusqu\u2019ici, n\u2019ont gu\u00e8re permis de construire un cadre de n\u00e9gociation unifi\u00e9. <\/p>\n<p>Cette absence de coh\u00e9rence strat\u00e9gique a contribu\u00e9 \u00e0 affaiblir la port\u00e9e des initiatives diplomatiques et \u00e0 renforcer l\u2019intransigeance des acteurs en conflit.<\/p>\n<p>Par ailleurs, Faure Gnassingb\u00e9 devra n\u00e9cessairement composer avec la m\u00e9diation qatarie en cours, qui s\u2019est donn\u00e9e pour ambition d\u2019initier des pourparlers directs entre Kinshasa et les insurg\u00e9s de l\u2019AFC\/M23. La coordination entre ces diff\u00e9rentes d\u00e9marches conditionnera la lisibilit\u00e9 et la cr\u00e9dibilit\u00e9 du dispositif de m\u00e9diation, et partant, ses chances de succ\u00e8s.<\/p>\n<p>{{Un pari diplomatique dans un contexte g\u00e9opolitique fragment\u00e9}}<\/p>\n<p>Au-del\u00e0 des contingences diplomatiques, cette m\u00e9diation se d\u00e9roule dans une r\u00e9gion o\u00f9 les int\u00e9r\u00eats g\u00e9opolitiques se croisent, souvent de mani\u00e8re antagoniste. Les ambitions \u00e9conomiques, les rivalit\u00e9s transfrontali\u00e8res et les agendas s\u00e9curitaires des puissances r\u00e9gionales p\u00e8sent de tout leur poids sur l\u2019\u00e9volution du conflit. La RDC, priv\u00e9e d\u2019atouts militaires d\u00e9cisifs et d\u2019appuis diplomatiques solides, aborde cette s\u00e9quence dans une position objectivement d\u00e9favorable.<\/p>\n<p>C\u2019est donc un champ de ruines diplomatique que le pr\u00e9sident togolais s\u2019appr\u00eate \u00e0 arpenter. Le succ\u00e8s de son entreprise d\u00e9pendra autant de sa capacit\u00e9 \u00e0 instaurer un dialogue sinc\u00e8re entre des acteurs aux agendas irr\u00e9conciliables que de sa facult\u00e9 \u00e0 r\u00e9sister aux pesanteurs g\u00e9opolitiques et aux logiques de puissance qui gangr\u00e8nent la r\u00e9gion.<\/p>\n<p>Faure Gnassingb\u00e9, en se voyant confier ce r\u00f4le, renoue certes avec la tradition de m\u00e9diation togolaise incarn\u00e9e par Edem Kodjo, mais s\u2019engage dans une mission o\u00f9 les marges de man\u0153uvre sont \u00e9troites et o\u00f9 les risques de d\u00e9sillusion sont consid\u00e9rables. L\u2019histoire jugera.<\/p>\n<figure class=\"spip-document spip-document-60125 aligncenter\"><img decoding=\"async\" src=\"https:\/\/fr.igihe.com\/IMG\/jpg\/fg.jpg\" alt=\"L\u2019Union africaine vient de porter \u00e0 la t\u00eate du processus de m\u00e9diation dans l\u2019Est de la RDC Faure Essozimna Gnassingb\u00e9, Pr\u00e9sident de la R\u00e9publique togolaise\" \/><\/figure>\n","protected":false},"excerpt":{"rendered":"<p>Par un acte solennel et m\u00fbrement pes\u00e9, l\u2019Union africaine vient de porter \u00e0 la t\u00eate du processus de m\u00e9diation dans l\u2019Est de la R\u00e9publique D\u00e9mocratique du Congo, Faure Essozimna Gnassingb\u00e9, Pr\u00e9sident de la R\u00e9publique togolaise. <\/p>\n","protected":false},"author":488,"featured_media":4000060124,"comment_status":"open","ping_status":"open","sticky":false,"template":"","format":"standard","meta":{"footnotes":""},"categories":[7544],"tags":[7605],"byline":[9102],"hashtag":[],"class_list":["post-37392","post","type-post","status-publish","format-standard","has-post-thumbnail","hentry","category-politique","tag-homenews","byline-tite-gatabazi"],"bylines":[{"id":9102,"name":"Tite Gatabazi","slug":"tite-gatabazi","description":"","image":{"id":0,"url":"https:\/\/secure.gravatar.com\/avatar\/?s=96&d=mm&f=y&r=g","alt":"Default avatar","title":"Default avatar","caption":"","mime_type":"image\/jpeg","sizes":[]},"user_id":472}],"contributors":[{"id":9102,"name":"Tite Gatabazi","slug":"tite-gatabazi","description":"","image":{"id":0,"url":"https:\/\/secure.gravatar.com\/avatar\/?s=96&d=mm&f=y&r=g","alt":"Default avatar","title":"Default avatar","caption":"","mime_type":"image\/jpeg","sizes":[]},"user_id":472}],"featured_image":{"id":4000060124,"url":"https:\/\/fr-images.igihe.com\/IMG\/logo\/fgn_cp.jpg","alt":"","caption":"","mime_type":"image\/jpeg","width":0,"height":0,"sizes":{"thumbnail":{"url":"https:\/\/fr-images.igihe.com\/IMG\/logo\/fgn_cp.jpg","width":1,"height":1},"medium":{"url":"https:\/\/fr-images.igihe.com\/IMG\/logo\/fgn_cp.jpg","width":1,"height":1},"medium_large":{"url":"https:\/\/fr-images.igihe.com\/IMG\/logo\/fgn_cp.jpg","width":1,"height":1},"large":{"url":"https:\/\/fr-images.igihe.com\/IMG\/logo\/fgn_cp.jpg","width":1,"height":1},"full":{"url":"https:\/\/fr-images.igihe.com\/IMG\/logo\/fgn_cp.jpg","width":0,"height":0}}},"_links":{"self":[{"href":"https:\/\/new.igihe.com\/french\/wp-json\/wp\/v2\/posts\/37392","targetHints":{"allow":["GET"]}}],"collection":[{"href":"https:\/\/new.igihe.com\/french\/wp-json\/wp\/v2\/posts"}],"about":[{"href":"https:\/\/new.igihe.com\/french\/wp-json\/wp\/v2\/types\/post"}],"author":[{"embeddable":true,"href":"https:\/\/new.igihe.com\/french\/wp-json\/wp\/v2\/users\/488"}],"replies":[{"embeddable":true,"href":"https:\/\/new.igihe.com\/french\/wp-json\/wp\/v2\/comments?post=37392"}],"version-history":[{"count":0,"href":"https:\/\/new.igihe.com\/french\/wp-json\/wp\/v2\/posts\/37392\/revisions"}],"wp:featuredmedia":[{"embeddable":true,"href":"https:\/\/new.igihe.com\/french\/wp-json\/wp\/v2\/media\/4000060124"}],"wp:attachment":[{"href":"https:\/\/new.igihe.com\/french\/wp-json\/wp\/v2\/media?parent=37392"}],"wp:term":[{"taxonomy":"category","embeddable":true,"href":"https:\/\/new.igihe.com\/french\/wp-json\/wp\/v2\/categories?post=37392"},{"taxonomy":"post_tag","embeddable":true,"href":"https:\/\/new.igihe.com\/french\/wp-json\/wp\/v2\/tags?post=37392"},{"taxonomy":"byline","embeddable":true,"href":"https:\/\/new.igihe.com\/french\/wp-json\/wp\/v2\/byline?post=37392"},{"taxonomy":"hashtag","embeddable":true,"href":"https:\/\/new.igihe.com\/french\/wp-json\/wp\/v2\/hashtag?post=37392"}],"curies":[{"name":"wp","href":"https:\/\/api.w.org\/{rel}","templated":true}]}}