{"id":37386,"date":"2025-04-13T10:38:36","date_gmt":"2025-04-13T10:38:36","guid":{"rendered":"https:\/\/new.igihe.com\/french\/Le-ministre-Nduhungirehe-appelle-la-communaute-internationale-a-ne-pas-associer-37386\/"},"modified":"2025-04-13T10:39:02","modified_gmt":"2025-04-13T10:39:02","slug":"Le-ministre-Nduhungirehe-appelle-la-communaute-internationale-a-ne-pas-associer","status":"publish","type":"post","link":"https:\/\/new.igihe.com\/french\/Le-ministre-Nduhungirehe-appelle-la-communaute-internationale-a-ne-pas-associer\/","title":{"rendered":"Le ministre Nduhungirehe appelle la communaut\u00e9 internationale \u00e0 ne pas associer le Rwanda \u00e0 l&#8217;AFC\/M23"},"content":{"rendered":"<p>Il s\u2019est exprim\u00e9 \u00e0 ce sujet lors d\u2019un entretien accord\u00e9 \u00e0 la presse \u00e0 Antalya, en Turquie, en marge d\u2019une conf\u00e9rence diplomatique internationale, en r\u00e9action aux all\u00e9gations selon lesquelles le Rwanda soutiendrait les combattants de la coalition AFC\/M23.<\/p>\n<p>Le ministre Nduhungirehe a soulign\u00e9 la menace constante que repr\u00e9sente pour la s\u00e9curit\u00e9 du Rwanda le groupe terroriste FDLR, impliqu\u00e9 de mani\u00e8re active dans le g\u00e9nocide contre les Tutsi en 1994.<\/p>\n<p>\u00ab Ce groupe, qui a pris part au g\u00e9nocide contre les Tutsi, a b\u00e9n\u00e9fici\u00e9 du soutien et du financement de plusieurs r\u00e9gimes successifs en RDC. Aujourd\u2019hui encore, les FDLR demeurent actifs \u00bb, a-t-il d\u00e9clar\u00e9.<\/p>\n<p>Il a soulign\u00e9 qu\u2019entre 2018 et aujourd\u2019hui, les FDLR ont men\u00e9 plus de vingt attaques sur le sol rwandais, ce qui a contraint les autorit\u00e9s \u00e0 renforcer les dispositifs de d\u00e9fenses \u00e0 sa fronti\u00e8re, dans le but de pr\u00e9venir toute incursion ou menace future.<\/p>\n<p>Le ministre a d\u00e9nonc\u00e9 la tendance de certains pays \u00e0 analyser de mani\u00e8re simpliste la situation dans l\u2019est de la R\u00e9publique d\u00e9mocratique du Congo, assimilant \u00e0 tort les mesures d\u00e9fensives prises par le Rwanda \u00e0 une pr\u00e9tendue volont\u00e9 d\u2019occupation du territoire congolais.<\/p>\n<p>\u00ab Si je parle de raccourcis, c\u2019est parce qu\u2019on confond nos pr\u00e9occupations s\u00e9curitaires \u00e0 la fronti\u00e8re avec la question du M23. \u00bb a-t-il d\u00e9clar\u00e9. <\/p>\n<p>Il a rappel\u00e9 que le M23 est un groupe arm\u00e9 congolais qui revendique les droits des Congolais rwandophones, marginalis\u00e9s et pers\u00e9cut\u00e9s depuis de nombreuses ann\u00e9es, et que c\u2019est ce mouvement \u2014 et non le Rwanda \u2014 qui a pris le contr\u00f4le de certaines zones dans l\u2019est de leur pays.<\/p>\n<p>\u00ab Le M23 est un mouvement arm\u00e9 qui se bat pour ces populations et qui occupe effectivement des territoires. Ce sont eux qui ont pris le contr\u00f4le de Goma, Bukavu et d\u2019autres localit\u00e9s de l\u2019Est de la RDC. Le Rwanda, pour sa part, se limite \u00e0 assurer la s\u00e9curit\u00e9 de sa fronti\u00e8re \u00e0 travers des mesures strictement pr\u00e9ventives \u00bb, a-t-il soulign\u00e9.<\/p>\n<p>Les pays occidentaux ont accus\u00e9 le Rwanda de soutenir le M23, et certains ont pris la d\u00e9cision de lui imposer des sanctions. Le ministre Nduhungirehe a fermement rappel\u00e9 que, en tant qu\u2019\u00c9tat souverain, le Rwanda ne se laissera pas intimider.<\/p>\n<p>\u00ab Nous avons un pays et un peuple \u00e0 prot\u00e9ger. Il est hors de question que le Rwanda revive les trag\u00e9dies de 1994, une \u00e9poque o\u00f9 notre nation \u00e9tait au bord de l\u2019an\u00e9antissement. Aucun pays occidental ne saurait nous imposer une ligne de conduite qui compromettrait la s\u00e9curit\u00e9 de notre population. \u00bb a-t-il d\u00e9clar\u00e9.<\/p>\n<p>Le ministre a conclu en soulignant que le pire affront que l\u2019on pourrait infliger au peuple rwandais serait de tol\u00e9rer que leur pays soit attaqu\u00e9, au risque de le replonger dans les horreurs v\u00e9cues il y a trente ans.<\/p>\n<figure class=\"spip-document spip-document-60033 aligncenter\"><img decoding=\"async\" src=\"https:\/\/fr.igihe.com\/IMG\/webp\/ond.webp\" alt=\"Le ministre des Affaires \u00e9trang\u00e8res, a tenu \u00e0 clarifier \u00e0 la communaut\u00e9 internationale qu\u2019elle ne devait en aucun cas associer le Rwanda \u00e0 l&#039;AFC\/M23\" \/><\/figure>\n","protected":false},"excerpt":{"rendered":"<p>L\u2019ambassadeur Olivier Nduhungirehe, ministre des Affaires \u00e9trang\u00e8res, a tenu \u00e0 clarifier \u00e0 la communaut\u00e9 internationale qu\u2019elle ne devait en aucun cas associer le Rwanda \u00e0 la coalition AFC\/M23, soulignant que la prise de contr\u00f4le de Goma, Bukavu et d\u2019autres villes de la RDC ne relevait pas de la responsabilit\u00e9 du Rwanda.<\/p>\n","protected":false},"author":488,"featured_media":4000060032,"comment_status":"open","ping_status":"open","sticky":false,"template":"","format":"standard","meta":{"footnotes":""},"categories":[7540],"tags":[7605],"byline":[9865],"hashtag":[],"class_list":["post-37386","post","type-post","status-publish","format-standard","has-post-thumbnail","hentry","category-securite","tag-homenews","byline-alain-bertrand-tunezerwe"],"bylines":[{"id":9865,"name":"Alain Bertrand Tunezerwe","slug":"alain-bertrand-tunezerwe","description":"","image":{"id":0,"url":"https:\/\/secure.gravatar.com\/avatar\/?s=96&d=mm&f=y&r=g","alt":"Default avatar","title":"Default avatar","caption":"","mime_type":"image\/jpeg","sizes":[]},"user_id":452}],"contributors":[{"id":9865,"name":"Alain Bertrand Tunezerwe","slug":"alain-bertrand-tunezerwe","description":"","image":{"id":0,"url":"https:\/\/secure.gravatar.com\/avatar\/?s=96&d=mm&f=y&r=g","alt":"Default avatar","title":"Default avatar","caption":"","mime_type":"image\/jpeg","sizes":[]},"user_id":452}],"featured_image":{"id":4000060032,"url":"https:\/\/fr-images.igihe.com\/IMG\/logo\/ondu_cp-8.jpg","alt":"","caption":"","mime_type":"image\/jpeg","width":0,"height":0,"sizes":{"thumbnail":{"url":"https:\/\/fr-images.igihe.com\/IMG\/logo\/ondu_cp-8.jpg","width":1,"height":1},"medium":{"url":"https:\/\/fr-images.igihe.com\/IMG\/logo\/ondu_cp-8.jpg","width":1,"height":1},"medium_large":{"url":"https:\/\/fr-images.igihe.com\/IMG\/logo\/ondu_cp-8.jpg","width":1,"height":1},"large":{"url":"https:\/\/fr-images.igihe.com\/IMG\/logo\/ondu_cp-8.jpg","width":1,"height":1},"full":{"url":"https:\/\/fr-images.igihe.com\/IMG\/logo\/ondu_cp-8.jpg","width":0,"height":0}}},"_links":{"self":[{"href":"https:\/\/new.igihe.com\/french\/wp-json\/wp\/v2\/posts\/37386","targetHints":{"allow":["GET"]}}],"collection":[{"href":"https:\/\/new.igihe.com\/french\/wp-json\/wp\/v2\/posts"}],"about":[{"href":"https:\/\/new.igihe.com\/french\/wp-json\/wp\/v2\/types\/post"}],"author":[{"embeddable":true,"href":"https:\/\/new.igihe.com\/french\/wp-json\/wp\/v2\/users\/488"}],"replies":[{"embeddable":true,"href":"https:\/\/new.igihe.com\/french\/wp-json\/wp\/v2\/comments?post=37386"}],"version-history":[{"count":0,"href":"https:\/\/new.igihe.com\/french\/wp-json\/wp\/v2\/posts\/37386\/revisions"}],"wp:featuredmedia":[{"embeddable":true,"href":"https:\/\/new.igihe.com\/french\/wp-json\/wp\/v2\/media\/4000060032"}],"wp:attachment":[{"href":"https:\/\/new.igihe.com\/french\/wp-json\/wp\/v2\/media?parent=37386"}],"wp:term":[{"taxonomy":"category","embeddable":true,"href":"https:\/\/new.igihe.com\/french\/wp-json\/wp\/v2\/categories?post=37386"},{"taxonomy":"post_tag","embeddable":true,"href":"https:\/\/new.igihe.com\/french\/wp-json\/wp\/v2\/tags?post=37386"},{"taxonomy":"byline","embeddable":true,"href":"https:\/\/new.igihe.com\/french\/wp-json\/wp\/v2\/byline?post=37386"},{"taxonomy":"hashtag","embeddable":true,"href":"https:\/\/new.igihe.com\/french\/wp-json\/wp\/v2\/hashtag?post=37386"}],"curies":[{"name":"wp","href":"https:\/\/api.w.org\/{rel}","templated":true}]}}