{"id":37384,"date":"2025-04-13T09:51:27","date_gmt":"2025-04-13T09:51:27","guid":{"rendered":"https:\/\/new.igihe.com\/french\/Olivier-Nduhungirehe-appelle-a-l-unite-africaine-face-aux-forces-exterieures-37384\/"},"modified":"2025-04-14T14:53:48","modified_gmt":"2025-04-14T14:53:48","slug":"Olivier-Nduhungirehe-appelle-a-l-unite-africaine-face-aux-forces-exterieures","status":"publish","type":"post","link":"https:\/\/new.igihe.com\/french\/Olivier-Nduhungirehe-appelle-a-l-unite-africaine-face-aux-forces-exterieures\/","title":{"rendered":"Olivier Nduhungirehe appelle \u00e0 l\u2019unit\u00e9 africaine face aux forces ext\u00e9rieures"},"content":{"rendered":"<p>Prenant la parole lors du Forum international sur la diplomatie qui se tient respectivement du 11 au 13 avril 2025 \u00e0 Antalya, en Turquie, l\u2019ambassadeur Olivier Nduhungirehe a mis en lumi\u00e8re le potentiel immense de l\u2019Afrique, qu\u2019il a d\u00e9crite comme le continent le plus riche en ressources naturelles et dot\u00e9 d\u2019une population jeune, moteur essentiel d\u2019un d\u00e9veloppement durable.<\/p>\n<p>\u00ab Nous avons des pays inexplicablement pauvres, alors m\u00eame que notre continent regorge de richesses. Nous disposons d\u2019une jeunesse dynamique, dont la majorit\u00e9 a moins de 18 ans. Je suis convaincu qu\u2019en 2050, un tiers de la jeunesse mondiale sera africaine \u00bb, a-t-il d\u00e9clar\u00e9.<\/p>\n<p>Il a ensuite soulign\u00e9 que les conflits r\u00e9currents qui freinent le d\u00e9veloppement du continent trouvent bien souvent leurs racines dans la mauvaise gouvernance, le ch\u00f4mage des jeunes, le manque d\u2019opportunit\u00e9s et les discriminations persistantes.<\/p>\n<p>\u00ab Comme vous le savez, les causes profondes des conflits sur notre continent sont bien connues : mauvaise gouvernance, absence de perspectives pour les jeunes, ch\u00f4mage massif et discriminations persistantes. Il est imp\u00e9ratif de s\u2019y attaquer d\u00e8s maintenant, car si nous tardons, ces probl\u00e8mes referont surface dans cinq ou dix ans \u00bb, a-t-il averti avec insistance.<\/p>\n<p>L\u2019ambassadeur Nduhungirehe a \u00e9galement rappel\u00e9 que bon nombre de ces conflits trouvent leur origine dans les fronti\u00e8res arbitrairement trac\u00e9es \u00e0 l\u2019\u00e9poque coloniale, soulignant \u00e0 cet \u00e9gard le r\u00f4le crucial que doit jouer la coop\u00e9ration r\u00e9gionale dans leur r\u00e9solution.<\/p>\n<p>\u00ab Nous nous sommes engag\u00e9s \u00e0 unir nos efforts , investir ensemble, valoriser nos ressources et tirer collectivement profit des fruits de notre collaboration \u00bb, a-t-il d\u00e9clar\u00e9. Il a n\u00e9anmoins mis en garde contre les cons\u00e9quences d\u2019un manque d\u2019unit\u00e9, qui ne ferait que servir les int\u00e9r\u00eats de forces ext\u00e9rieures d\u00e9sireuses de maintenir les pays africains dans une situation de d\u00e9pendance en exacerbant leurs divisions.<\/p>\n<p>\u00ab Faute d\u2019unit\u00e9 et de coop\u00e9ration, des forces ext\u00e9rieures continueront de s\u2019employer \u00e0 faire de l\u2019Afrique un terrain d\u2019affrontements, en attisant les divisions pour maintenir notre d\u00e9pendance, l\u00e0 o\u00f9 nous devrions viser l\u2019autonomie \u00bb, a-t-il mis en garde.<\/p>\n<p>Le ministre a conclu en soulignant qu\u2019il appartient aux nations africaines de prendre pleinement conscience de leur richesse collective et de s\u2019engager r\u00e9solument \u00e0 faciliter la libre circulation des personnes, des biens et des services, notamment \u00e0 travers la mise en \u0153uvre effective de la Zone de libre-\u00e9change continentale africaine (ZLECAf).<\/p>\n<figure class=\"spip-document spip-document-60024 aligncenter\"><img decoding=\"async\" src=\"https:\/\/fr.igihe.com\/IMG\/jpg\/ant_1.jpg\" alt=\"Le Forum international sur la diplomatie se tient respectivement du 11 au 13 avril 2025 \u00e0 Antalya, en Turquie\" \/><\/figure>\n<figure class=\"spip-document spip-document-60025 aligncenter\"><img decoding=\"async\" src=\"https:\/\/fr.igihe.com\/IMG\/jpg\/ant_2.jpg\" alt=\"Olivier Nduhungirehe a affirm\u00e9 avec conviction que l\u2019Afrique doit s\u2019attaquer aux racines de ses conflits\" \/><\/figure>\n","protected":false},"excerpt":{"rendered":"<p>Le ministre des Affaires \u00e9trang\u00e8res et de la Coop\u00e9ration internationale, l\u2019ambassadeur Olivier Nduhungirehe, a affirm\u00e9 avec conviction que l\u2019Afrique doit s\u2019attaquer aux racines de ses conflits et renforcer son unit\u00e9 pour faire face aux forces ext\u00e9rieures qui cherchent \u00e0 la diviser.<\/p>\n","protected":false},"author":488,"featured_media":4000060026,"comment_status":"open","ping_status":"open","sticky":false,"template":"","format":"standard","meta":{"footnotes":""},"categories":[7544],"tags":[7605],"byline":[7717],"hashtag":[],"class_list":["post-37384","post","type-post","status-publish","format-standard","has-post-thumbnail","hentry","category-politique","tag-homenews","byline-igihe"],"bylines":[{"id":7717,"name":"IGIHE","slug":"igihe","description":"","image":{"id":0,"url":"https:\/\/secure.gravatar.com\/avatar\/?s=96&d=mm&f=y&r=g","alt":"Default avatar","title":"Default avatar","caption":"","mime_type":"image\/jpeg","sizes":[]},"user_id":393}],"contributors":[{"id":7717,"name":"IGIHE","slug":"igihe","description":"","image":{"id":0,"url":"https:\/\/secure.gravatar.com\/avatar\/?s=96&d=mm&f=y&r=g","alt":"Default avatar","title":"Default avatar","caption":"","mime_type":"image\/jpeg","sizes":[]},"user_id":393}],"featured_image":{"id":4000060026,"url":"https:\/\/fr-images.igihe.com\/IMG\/logo\/nduh-9-72fc3.jpg","alt":"","caption":"","mime_type":"image\/jpeg","width":0,"height":0,"sizes":{"thumbnail":{"url":"https:\/\/fr-images.igihe.com\/IMG\/logo\/nduh-9-72fc3.jpg","width":1,"height":1},"medium":{"url":"https:\/\/fr-images.igihe.com\/IMG\/logo\/nduh-9-72fc3.jpg","width":1,"height":1},"medium_large":{"url":"https:\/\/fr-images.igihe.com\/IMG\/logo\/nduh-9-72fc3.jpg","width":1,"height":1},"large":{"url":"https:\/\/fr-images.igihe.com\/IMG\/logo\/nduh-9-72fc3.jpg","width":1,"height":1},"full":{"url":"https:\/\/fr-images.igihe.com\/IMG\/logo\/nduh-9-72fc3.jpg","width":0,"height":0}}},"_links":{"self":[{"href":"https:\/\/new.igihe.com\/french\/wp-json\/wp\/v2\/posts\/37384","targetHints":{"allow":["GET"]}}],"collection":[{"href":"https:\/\/new.igihe.com\/french\/wp-json\/wp\/v2\/posts"}],"about":[{"href":"https:\/\/new.igihe.com\/french\/wp-json\/wp\/v2\/types\/post"}],"author":[{"embeddable":true,"href":"https:\/\/new.igihe.com\/french\/wp-json\/wp\/v2\/users\/488"}],"replies":[{"embeddable":true,"href":"https:\/\/new.igihe.com\/french\/wp-json\/wp\/v2\/comments?post=37384"}],"version-history":[{"count":0,"href":"https:\/\/new.igihe.com\/french\/wp-json\/wp\/v2\/posts\/37384\/revisions"}],"wp:featuredmedia":[{"embeddable":true,"href":"https:\/\/new.igihe.com\/french\/wp-json\/wp\/v2\/media\/4000060026"}],"wp:attachment":[{"href":"https:\/\/new.igihe.com\/french\/wp-json\/wp\/v2\/media?parent=37384"}],"wp:term":[{"taxonomy":"category","embeddable":true,"href":"https:\/\/new.igihe.com\/french\/wp-json\/wp\/v2\/categories?post=37384"},{"taxonomy":"post_tag","embeddable":true,"href":"https:\/\/new.igihe.com\/french\/wp-json\/wp\/v2\/tags?post=37384"},{"taxonomy":"byline","embeddable":true,"href":"https:\/\/new.igihe.com\/french\/wp-json\/wp\/v2\/byline?post=37384"},{"taxonomy":"hashtag","embeddable":true,"href":"https:\/\/new.igihe.com\/french\/wp-json\/wp\/v2\/hashtag?post=37384"}],"curies":[{"name":"wp","href":"https:\/\/api.w.org\/{rel}","templated":true}]}}