{"id":37377,"date":"2025-04-11T12:48:19","date_gmt":"2025-04-11T12:48:19","guid":{"rendered":"https:\/\/new.igihe.com\/french\/L-AFC-M23-accuse-la-coalition-RDC-Burundi-de-violer-le-cessez-le-feu-a-Walikale-37377\/"},"modified":"2025-04-11T12:32:53","modified_gmt":"2025-04-11T12:32:53","slug":"L-AFC-M23-accuse-la-coalition-RDC-Burundi-de-violer-le-cessez-le-feu-a-Walikale","status":"publish","type":"post","link":"https:\/\/new.igihe.com\/french\/L-AFC-M23-accuse-la-coalition-RDC-Burundi-de-violer-le-cessez-le-feu-a-Walikale\/","title":{"rendered":"L&#8217;AFC\/M23 accuse la coalition RDC-Burundi de violer le cessez-le-feu \u00e0 Walikale"},"content":{"rendered":"<p>Dans un communiqu\u00e9 publi\u00e9 ce jeudi 11 avril 2025, l&#8217;AFC\/M23 a exprim\u00e9 sa &#8221; profonde inqui\u00e9tude &#8221; face \u00e0 ce qu&#8217;il consid\u00e8re comme des attaques d\u00e9lib\u00e9r\u00e9es du r\u00e9gime de Kinshasa, soulignant que l&#8217;occupation de la ville de Walikale par les forces de la coalition constitue une violation flagrante de la bonne volont\u00e9 et une infraction directe au cessez-le-feu.<\/p>\n<p>Selon le groupe rebelle, les forces affili\u00e9es au gouvernement de la RDC, notamment les FARDC, les FDLR, les milices Mai-Mai\/Wazalendo et les Forces de D\u00e9fense Nationale du Burundi, ont pill\u00e9 Walikale apr\u00e8s que l&#8217;AFC\/M23 ait repositionn\u00e9 ses troupes dans un geste marquant son engagement envers un cessez-le-feu.<\/p>\n<p>\u00ab Cette occupation n&#8217;a pas seulement \u00e9t\u00e9 un acte d&#8217;agression, mais une trahison de nos efforts pour d\u00e9sescalader la situation \u00bb, peut-on lire dans le communiqu\u00e9.<\/p>\n<p>L&#8217;alliance rebelle a \u00e9galement indiqu\u00e9 que des attaques d&#8217;envergure avaient \u00e9t\u00e9 lanc\u00e9es dans d&#8217;autres r\u00e9gions du Nord et du Sud Kivu, notamment \u00e0 Masisi, Walungu et dans les zones avoisinantes.<\/p>\n<p>Le communiqu\u00e9 a en outre d\u00e9nonc\u00e9 une campagne cibl\u00e9e contre les civils Banyamulenge \u00e0 Minembwe, rapportant que, entre le 8 et le 10 avril 2025, des attaques coordonn\u00e9es en provenance de zones d\u00e9sign\u00e9es sous les appellations &#8221; Point Zero &#8221; et &#8221; Bilalombili &#8221; avaient expos\u00e9 la population locale de Mikenke \u00e0 un grave danger.<\/p>\n<p>\u00ab Il ne s&#8217;agissait pas de simples escarmouches \u00bb, a insist\u00e9 l&#8217;AFC\/M23, qualifiant ces attaques de \u00ab caract\u00e8re g\u00e9nocidaire \u00bb, lanc\u00e9es depuis Rugezi et marqu\u00e9es par des destructions massives, des pillages et des violences inflig\u00e9es \u00e0 des civils non arm\u00e9s dans des zones telles que Kivumu et Gahwera.<\/p>\n<p>Malgr\u00e9 ces accusations, le groupe a r\u00e9affirm\u00e9 son engagement en faveur d&#8217;une r\u00e9solution pacifique du conflit, soulignant sa d\u00e9termination \u00e0 \u00ab prot\u00e9ger les civils et \u00e0 neutraliser toute menace \u00e0 sa source \u00bb.<\/p>\n<p>L&#8217;AFC\/M23, qui exerce un contr\u00f4le sur de vastes territoires de l&#8217;est de la RDC, a annonc\u00e9 le mois dernier son intention de se retirer de la ville de Walikale, afin de faciliter la mise en \u0153uvre d&#8217;un cessez-le-feu et de cr\u00e9er les conditions propices \u00e0 des pourparlers directs avec l&#8217;administration du pr\u00e9sident F\u00e9lix Tshisekedi.<\/p>\n<p>Les pourparlers directs entre les deux parties, initialement programm\u00e9s pour le mercredi 9 avril 2025, ont \u00e9t\u00e9 report\u00e9s pour une p\u00e9riode ind\u00e9finie, sous la pression des rebelles, qui exigent que Kinshasa accepte six pr\u00e9conditions avant d&#8217;engager toute n\u00e9gociation s\u00e9rieuse.<\/p>\n<p>Les revendications incluent une d\u00e9claration publique du pr\u00e9sident Tshisekedi r\u00e9affirmant son engagement en faveur de pourparlers directs, l&#8217;abrogation des r\u00e9solutions parlementaires restrictives, l&#8217;annulation des peines de mort et des mandats d&#8217;arr\u00eat visant les dirigeants de l&#8217;AFC\/M23, ainsi que la lib\u00e9ration des pr\u00e9sum\u00e9s sympathisants d\u00e9tenus en raison de leur appartenance ethnique ou de leurs affiliations. Les rebelles exigent \u00e9galement la fin des discours de haine et des pratiques discriminatoires \u00e0 l&#8217;encontre des Congolais parlant swahili et kinyarwanda.<\/p>\n<p>De plus, ils insistent sur la signature d&#8217;un accord formel de cessez-le-feu bilat\u00e9ral avant toute reprise des n\u00e9gociations.<\/p>\n<figure class=\"spip-document spip-document-60005 aligncenter\"><img decoding=\"async\" src=\"https:\/\/fr.igihe.com\/IMG\/jpg\/m23-25.jpg\" alt=\"L\u2019AFC\/M23 accuse la coalition de la RDC et du Burundi de violer le cessez-le-feu \u00e0 Walikale\" \/><\/figure>\n","protected":false},"excerpt":{"rendered":"<p>Le mouvement rebelle AFC\/M23 a publiquement mis en cause les forces de la coalition constitu\u00e9e par la R\u00e9publique D\u00e9mocratique du Congo et le Burundi, les accusant de violer syst\u00e9matiquement l&#8217;accord de cessez-le-feu conclu, en lan\u00e7ant de nouvelles offensives militaires et en commettant des violations des droits de l&#8217;homme \u00e0 Walikale et dans d&#8217;autres r\u00e9gions de l&#8217;est du Congo.<\/p>\n","protected":false},"author":488,"featured_media":4000060004,"comment_status":"open","ping_status":"open","sticky":false,"template":"","format":"standard","meta":{"footnotes":""},"categories":[7540],"tags":[7605],"byline":[9865],"hashtag":[],"class_list":["post-37377","post","type-post","status-publish","format-standard","has-post-thumbnail","hentry","category-securite","tag-homenews","byline-alain-bertrand-tunezerwe"],"bylines":[{"id":9865,"name":"Alain Bertrand Tunezerwe","slug":"alain-bertrand-tunezerwe","description":"","image":{"id":0,"url":"https:\/\/secure.gravatar.com\/avatar\/?s=96&d=mm&f=y&r=g","alt":"Default avatar","title":"Default avatar","caption":"","mime_type":"image\/jpeg","sizes":[]},"user_id":452}],"contributors":[{"id":9865,"name":"Alain Bertrand Tunezerwe","slug":"alain-bertrand-tunezerwe","description":"","image":{"id":0,"url":"https:\/\/secure.gravatar.com\/avatar\/?s=96&d=mm&f=y&r=g","alt":"Default avatar","title":"Default avatar","caption":"","mime_type":"image\/jpeg","sizes":[]},"user_id":452}],"featured_image":{"id":4000060004,"url":"https:\/\/fr-images.igihe.com\/IMG\/logo\/m23_cp-16.jpg","alt":"","caption":"","mime_type":"image\/jpeg","width":0,"height":0,"sizes":{"thumbnail":{"url":"https:\/\/fr-images.igihe.com\/IMG\/logo\/m23_cp-16.jpg","width":1,"height":1},"medium":{"url":"https:\/\/fr-images.igihe.com\/IMG\/logo\/m23_cp-16.jpg","width":1,"height":1},"medium_large":{"url":"https:\/\/fr-images.igihe.com\/IMG\/logo\/m23_cp-16.jpg","width":1,"height":1},"large":{"url":"https:\/\/fr-images.igihe.com\/IMG\/logo\/m23_cp-16.jpg","width":1,"height":1},"full":{"url":"https:\/\/fr-images.igihe.com\/IMG\/logo\/m23_cp-16.jpg","width":0,"height":0}}},"_links":{"self":[{"href":"https:\/\/new.igihe.com\/french\/wp-json\/wp\/v2\/posts\/37377","targetHints":{"allow":["GET"]}}],"collection":[{"href":"https:\/\/new.igihe.com\/french\/wp-json\/wp\/v2\/posts"}],"about":[{"href":"https:\/\/new.igihe.com\/french\/wp-json\/wp\/v2\/types\/post"}],"author":[{"embeddable":true,"href":"https:\/\/new.igihe.com\/french\/wp-json\/wp\/v2\/users\/488"}],"replies":[{"embeddable":true,"href":"https:\/\/new.igihe.com\/french\/wp-json\/wp\/v2\/comments?post=37377"}],"version-history":[{"count":0,"href":"https:\/\/new.igihe.com\/french\/wp-json\/wp\/v2\/posts\/37377\/revisions"}],"wp:featuredmedia":[{"embeddable":true,"href":"https:\/\/new.igihe.com\/french\/wp-json\/wp\/v2\/media\/4000060004"}],"wp:attachment":[{"href":"https:\/\/new.igihe.com\/french\/wp-json\/wp\/v2\/media?parent=37377"}],"wp:term":[{"taxonomy":"category","embeddable":true,"href":"https:\/\/new.igihe.com\/french\/wp-json\/wp\/v2\/categories?post=37377"},{"taxonomy":"post_tag","embeddable":true,"href":"https:\/\/new.igihe.com\/french\/wp-json\/wp\/v2\/tags?post=37377"},{"taxonomy":"byline","embeddable":true,"href":"https:\/\/new.igihe.com\/french\/wp-json\/wp\/v2\/byline?post=37377"},{"taxonomy":"hashtag","embeddable":true,"href":"https:\/\/new.igihe.com\/french\/wp-json\/wp\/v2\/hashtag?post=37377"}],"curies":[{"name":"wp","href":"https:\/\/api.w.org\/{rel}","templated":true}]}}