{"id":37373,"date":"2025-04-10T17:21:53","date_gmt":"2025-04-10T17:21:53","guid":{"rendered":"https:\/\/new.igihe.com\/french\/Un-dernier-hommage-rendu-a-Alain-Bernard-Mukaralinda-37373\/"},"modified":"2025-04-12T22:18:29","modified_gmt":"2025-04-12T22:18:29","slug":"Un-dernier-hommage-rendu-a-Alain-Bernard-Mukaralinda","status":"publish","type":"post","link":"https:\/\/new.igihe.com\/french\/Un-dernier-hommage-rendu-a-Alain-Bernard-Mukaralinda\/","title":{"rendered":"Un dernier hommage rendu \u00e0 Alain Bernard Mukaralinda"},"content":{"rendered":"<p>La c\u00e9r\u00e9monie, qui s&#8217;est tenue ce 10 avril 2025 dans le district de Rulindo, en province du Nord, s&#8217;est d\u00e9roul\u00e9e \u00e0 la paroisse catholique de Rulindo.<\/p>\n<p>Elle a \u00e9t\u00e9 marqu\u00e9e par la pr\u00e9sence de plusieurs hauts responsables du pays, notamment des ministres, la procureure g\u00e9n\u00e9rale de la R\u00e9publique, Habyarimana Ang\u00e9lique, la porte-parole du gouvernement, Yolande Makolo, le porte-parole de la police nationale, ACP Boniface Rutikanga, ainsi que le directeur g\u00e9n\u00e9ral de la Rwanda Broadcasting Agency (RBA), Barore Cl\u00e9ophas, et d&#8217;autres personnalit\u00e9s.<\/p>\n<p>En t\u00e9moignage de son amiti\u00e9 pour les artistes, des figures de la musique et du cin\u00e9ma rwandais ont accompagn\u00e9 Mukaralinda lors de ses obs\u00e8ques. En hommage \u00e0 son soutien, ces derniers lui ont d\u00e9di\u00e9 des chansons.<\/p>\n<p>Lors de la c\u00e9r\u00e9monie comm\u00e9morative la veille, Muyoboke Alex a rendu hommage \u00e0 la contribution de Mukaralinda au d\u00e9veloppement de la musique, esp\u00e9rant que les progr\u00e8s qu&#8217;il avait r\u00e9alis\u00e9s ne soient pas annul\u00e9s.<\/p>\n<p>Le monde du sport \u00e9tait \u00e9galement repr\u00e9sent\u00e9 aux hommages, avec la pr\u00e9sence de joueurs et d&#8217;entra\u00eeneurs de l&#8217;\u00e9quipe &#8216;Tsinda Batsinde&#8217; qu&#8217;il avait fond\u00e9e.<\/p>\n<p>La c\u00e9r\u00e9monie a d\u00e9but\u00e9 par une messe d&#8217;adieu, c\u00e9l\u00e9br\u00e9e par le cardinal Antoine Kambanda \u00e0 la paroisse catholique de Rulindo.<\/p>\n<p>Le cardinal Kambanda a soulign\u00e9 que, bien que la perte d\u2019une personne aussi importante qu\u2019Alain Mukaralinda soit douloureuse, la vie ne s&#8217;arr\u00eate pas avec la mort.<\/p>\n<p>&#8220;Le d\u00e9c\u00e8s est d&#8217;autant plus \u00e9prouvant lorsqu&#8217;il emporte une personne essentielle, celle qui jouait un r\u00f4le cl\u00e9 au sein de sa famille et qui avait encore beaucoup \u00e0 accomplir. Cependant, bien que cette perte nous attriste, la vie continue au-del\u00e0 de la mort&#8221;, a-t-il d\u00e9clar\u00e9.<\/p>\n<p>Il a \u00e9galement ajout\u00e9 que Mukaralinda \u00e9tait une personne profond\u00e9ment aimante, tant envers les autres qu&#8217;envers Dieu, ce qui lui permettait d&#8217;interagir avec chacun avec une \u00e9nergie in\u00e9puisable.<\/p>\n<p>&#8220;Il portait une attention particuli\u00e8re aux enfants, en particulier \u00e0 ceux qui manquaient de soutien pour d\u00e9velopper leurs talents. C\u2019est un h\u00e9ritage pr\u00e9cieux qu\u2019il nous laisse&#8221;, a soulign\u00e9 le cardinal.<\/p>\n<p>Sina G\u00e9rard, membre de sa famille, a temoign\u00e9 de la modestie de Mukaralinda, soulignant qu\u2019il avait transmis aux enfants l\u2019amour du travail et de la musique en g\u00e9n\u00e9ral.<\/p>\n<p>Il a racont\u00e9 avoir partag\u00e9 sa vie avec lui pendant six ans, apr\u00e8s son retour de Belgique, jusqu\u2019\u00e0 ce qu\u2019il fonde sa propre famille, pr\u00e9cisant qu\u2019aucun conflit n\u2019avait \u00e9clat\u00e9 entre eux durant cette p\u00e9riode, insistant sur le fait que, malgr\u00e9 ses responsabilit\u00e9s et un emploi du temps souvent charg\u00e9, Mukaralinda trouvait toujours du temps pour sa famille, qu\u2019il ch\u00e9rissait profond\u00e9ment.<\/p>\n<p>Sina a conclu en soulignant que l&#8217;amour devrait \u00eatre un cadeau puissant que chacun puisse tirer de l&#8217;exemple de Mukaralinda.<\/p>\n<p>L&#8217;\u00e9motion palpable, l\u2019\u00e9pouse de Mukaralinda a exprim\u00e9 sa profonde gratitude aux familles et amis pour leur soutien ind\u00e9fectible, confiant que son mari laisserait un vide immense au sein de leur famille. Elle a ensuite \u00e9voqu\u00e9 leur parcours commun, parsem\u00e9 d&#8217;\u00e9preuves, et a soulign\u00e9 combien il appr\u00e9ciait ses observations, reconnaissant l&#8217;\u00e9quilibre entre son autorit\u00e9 et son amour.<\/p>\n<p>Mukaralinda, n\u00e9 en 1970 dans le district de Rulindo, avait d\u00e9m\u00e9nag\u00e9 \u00e0 Kigali avec sa famille lorsqu\u2019il n\u2019avait que deux ans. Ayant exerc\u00e9 les fonctions de procureur et de porte-parole du parquet, il \u00e9tait appr\u00e9ci\u00e9 pour sa convivialit\u00e9 et sa capacit\u00e9 \u00e0 tisser des liens avec tous.<\/p>\n<p>Outre ses engagements dans la justice et la politique, il \u00e9tait \u00e9galement une figure reconnue du monde du divertissement. Sous le nom d\u2019artiste \u201cAlain Muku\u201d, il menait une carri\u00e8re musicale et dirigeait \u201cBoss Papa\u201d, une soci\u00e9t\u00e9 d\u00e9di\u00e9e \u00e0 l\u2019accompagnement des artistes. Sa passion pour le football l\u2019avait conduit \u00e0 fonder une \u00e9quipe de jeunes et \u00e0 composer \u201cTsinda Batsinde\u201d, l\u2019hymne embl\u00e9matique des Amavubi, ainsi que d\u2019autres chansons populaires d\u00e9di\u00e9es \u00e0 diff\u00e9rents clubs.<\/p>\n<figure class=\"spip-document spip-document-59983 aligncenter\"><img decoding=\"async\" src=\"https:\/\/fr.igihe.com\/IMG\/jpg\/am-6.jpg\" alt=\"Un dernier hommage a \u00e9t\u00e9 rendu \u00e0 Alain Bernard Mukaralinda, ancien porte-parole adjoint du gouvernement \" \/><\/figure>\n<figure class=\"spip-document spip-document-59982 aligncenter\"><img decoding=\"async\" src=\"https:\/\/fr.igihe.com\/IMG\/jpg\/am_2-5.jpg\" alt=\"La c\u00e9r\u00e9monie s&#039;est d\u00e9roul\u00e9e ce 10 avril 2025, dans le district de Rulindo\" \/><\/figure>\n<figure class=\"spip-document spip-document-59981 aligncenter\"><img decoding=\"async\" src=\"https:\/\/fr.igihe.com\/IMG\/jpg\/am_3-3.jpg\" alt=\"Les fun\u00e9railles se sont d\u00e9roul\u00e9es en pr\u00e9sence de la famille, des amis et de repr\u00e9sentants de diverses institutions\" \/><\/figure>\n<figure class=\"spip-document spip-document-59980 aligncenter\"><img decoding=\"async\" src=\"https:\/\/fr.igihe.com\/IMG\/jpg\/am_5-2.jpg\" alt=\"La directrice de la RMC, Mutesi Scovia, faisait partie des personnes pr\u00e9sentes \u00e0 la c\u00e9r\u00e9monie\" \/><\/figure>\n<figure class=\"spip-document spip-document-59979 aligncenter\"><img decoding=\"async\" src=\"https:\/\/fr.igihe.com\/IMG\/jpg\/am_4-3.jpg\" alt=\"Le cardinal Kambanda a exprim\u00e9 que bien que la mort d&#039; Alain Mukaralinda soit douloureuse, la vie ne s&#039;arr\u00eate pas avec la mort\" \/><\/figure>\n<figure class=\"spip-document spip-document-59978 aligncenter\"><img decoding=\"async\" src=\"https:\/\/fr.igihe.com\/IMG\/jpg\/am_7-2.jpg\" alt=\"Pierre Damien Habumuremyi, ancien Premier ministre, \u00e9tait \u00e9galement pr\u00e9sent\" \/><\/figure>\n<figure class=\"spip-document spip-document-59977 aligncenter\"><img decoding=\"async\" src=\"https:\/\/fr.igihe.com\/IMG\/jpg\/am_6.jpg\" alt=\"Le porte-parole de la police rwandaise, ACP Boniface Rutikanga, \u00e9tait pr\u00e9sent\" \/><\/figure>\n<figure class=\"spip-document spip-document-59975 aligncenter\"><img decoding=\"async\" src=\"https:\/\/fr.igihe.com\/IMG\/jpg\/am_8.jpg\" alt=\"\" \/><\/figure>\n<figure class=\"spip-document spip-document-59976 aligncenter\"><img decoding=\"async\" src=\"https:\/\/fr.igihe.com\/IMG\/jpg\/am_9.jpg\" alt=\"Mukaralinda, est n\u00e9 en 1970 dans le district de Rulindo\" \/><\/figure>\n","protected":false},"excerpt":{"rendered":"<p>Un dernier hommage a \u00e9t\u00e9 rendu \u00e0 Alain Bernard Mukaralinda, ancien porte-parole adjoint du gouvernement, lors de ses fun\u00e9railles, entour\u00e9 de sa famille, de ses amis et de repr\u00e9sentants de diverses institutions.<\/p>\n","protected":false},"author":488,"featured_media":4000059974,"comment_status":"open","ping_status":"open","sticky":false,"template":"","format":"standard","meta":{"footnotes":""},"categories":[7539],"tags":[7605],"byline":[7717],"hashtag":[],"class_list":["post-37373","post","type-post","status-publish","format-standard","has-post-thumbnail","hentry","category-economie-13","tag-homenews","byline-igihe"],"bylines":[{"id":7717,"name":"IGIHE","slug":"igihe","description":"","image":{"id":0,"url":"https:\/\/secure.gravatar.com\/avatar\/?s=96&d=mm&f=y&r=g","alt":"Default avatar","title":"Default avatar","caption":"","mime_type":"image\/jpeg","sizes":[]},"user_id":393}],"contributors":[{"id":7717,"name":"IGIHE","slug":"igihe","description":"","image":{"id":0,"url":"https:\/\/secure.gravatar.com\/avatar\/?s=96&d=mm&f=y&r=g","alt":"Default avatar","title":"Default avatar","caption":"","mime_type":"image\/jpeg","sizes":[]},"user_id":393}],"featured_image":{"id":4000059974,"url":"https:\/\/fr-images.igihe.com\/IMG\/logo\/cp-36.jpg","alt":"","caption":"","mime_type":"image\/jpeg","width":0,"height":0,"sizes":{"thumbnail":{"url":"https:\/\/fr-images.igihe.com\/IMG\/logo\/cp-36.jpg","width":1,"height":1},"medium":{"url":"https:\/\/fr-images.igihe.com\/IMG\/logo\/cp-36.jpg","width":1,"height":1},"medium_large":{"url":"https:\/\/fr-images.igihe.com\/IMG\/logo\/cp-36.jpg","width":1,"height":1},"large":{"url":"https:\/\/fr-images.igihe.com\/IMG\/logo\/cp-36.jpg","width":1,"height":1},"full":{"url":"https:\/\/fr-images.igihe.com\/IMG\/logo\/cp-36.jpg","width":0,"height":0}}},"_links":{"self":[{"href":"https:\/\/new.igihe.com\/french\/wp-json\/wp\/v2\/posts\/37373","targetHints":{"allow":["GET"]}}],"collection":[{"href":"https:\/\/new.igihe.com\/french\/wp-json\/wp\/v2\/posts"}],"about":[{"href":"https:\/\/new.igihe.com\/french\/wp-json\/wp\/v2\/types\/post"}],"author":[{"embeddable":true,"href":"https:\/\/new.igihe.com\/french\/wp-json\/wp\/v2\/users\/488"}],"replies":[{"embeddable":true,"href":"https:\/\/new.igihe.com\/french\/wp-json\/wp\/v2\/comments?post=37373"}],"version-history":[{"count":0,"href":"https:\/\/new.igihe.com\/french\/wp-json\/wp\/v2\/posts\/37373\/revisions"}],"wp:featuredmedia":[{"embeddable":true,"href":"https:\/\/new.igihe.com\/french\/wp-json\/wp\/v2\/media\/4000059974"}],"wp:attachment":[{"href":"https:\/\/new.igihe.com\/french\/wp-json\/wp\/v2\/media?parent=37373"}],"wp:term":[{"taxonomy":"category","embeddable":true,"href":"https:\/\/new.igihe.com\/french\/wp-json\/wp\/v2\/categories?post=37373"},{"taxonomy":"post_tag","embeddable":true,"href":"https:\/\/new.igihe.com\/french\/wp-json\/wp\/v2\/tags?post=37373"},{"taxonomy":"byline","embeddable":true,"href":"https:\/\/new.igihe.com\/french\/wp-json\/wp\/v2\/byline?post=37373"},{"taxonomy":"hashtag","embeddable":true,"href":"https:\/\/new.igihe.com\/french\/wp-json\/wp\/v2\/hashtag?post=37373"}],"curies":[{"name":"wp","href":"https:\/\/api.w.org\/{rel}","templated":true}]}}