{"id":37370,"date":"2025-04-10T14:13:35","date_gmt":"2025-04-10T14:13:35","guid":{"rendered":"https:\/\/new.igihe.com\/french\/Alphamin-annonce-la-reprise-de-ses-operations-d-extraction-d-etain-a-Walikale-37370\/"},"modified":"2025-04-10T14:18:53","modified_gmt":"2025-04-10T14:18:53","slug":"Alphamin-annonce-la-reprise-de-ses-operations-d-extraction-d-etain-a-Walikale","status":"publish","type":"post","link":"https:\/\/new.igihe.com\/french\/Alphamin-annonce-la-reprise-de-ses-operations-d-extraction-d-etain-a-Walikale\/","title":{"rendered":"Alphamin annonce la reprise de ses op\u00e9rations d&#8217;extraction d&#8217;\u00e9tain \u00e0 Walikale"},"content":{"rendered":"<p>&#8221; Alphamin Resources Corp. est heureux d&#8217;annoncer la reprise progressive de ses op\u00e9rations \u00e0 la mine d&#8217;\u00e9tain de Bisie, situ\u00e9e dans le district de Walikale, province du Nord-Kivu, dans l&#8217;est de la R\u00e9publique D\u00e9mocratique du Congo &#8220;, a indiqu\u00e9 l&#8217;entreprise dans un communiqu\u00e9.<\/p>\n<p>Cette d\u00e9cision fait suite au retrait des combattants de l&#8217;AFC\/M23 de Walikale, lesquels se sont red\u00e9ploy\u00e9s vers Nyabiondo et Masisi, \u00e0 plus de 130 kilom\u00e8tres \u00e0 l&#8217;est du site minier.<\/p>\n<p>&#8221; L&#8217;entreprise pr\u00e9voit de red\u00e9ployer ses employ\u00e9s selon un plan de red\u00e9marrage progressif de la production d&#8217;\u00e9tain, tout en poursuivant la surveillance de la situation s\u00e9curitaire &#8220;, pr\u00e9cise le communiqu\u00e9.<\/p>\n<p>Alphamin avait suspendu ses op\u00e9rations le 13 mars dernier en raison de l&#8217;intensification des combats, alors que les combattants de l&#8217;AFC\/M23 se rapprochaient de Walikale.<\/p>\n<p>L&#8217;entreprise a \u00e9vacu\u00e9 la majorit\u00e9 de ses employ\u00e9s des mines de Bisie, ne conservant que le personnel essentiel charg\u00e9 de l&#8217;\u00e9quipement et de la s\u00e9curit\u00e9. Alphamin avait pr\u00e9cis\u00e9 qu&#8217;elle surveillait de pr\u00e8s l&#8217;\u00e9volution de la situation politique afin de d\u00e9terminer le moment propice pour la reprise de ses activit\u00e9s.<\/p>\n<p>Une semaine plus tard, apr\u00e8s le retrait des combattants de l&#8217;AFC\/M23 de Walikale et de ses environs, Alphamin a annonc\u00e9 le d\u00e9but du rapatriement de ses employ\u00e9s pour relancer les op\u00e9rations, tout en continuant de suivre attentivement l&#8217;\u00e9volution de la situation s\u00e9curitaire.<\/p>\n<p>Alphamin est une entreprise mini\u00e8re de premier plan, majoritairement d\u00e9tenue par des actionnaires am\u00e9ricains et canadiens, op\u00e9rant des projets d&#8217;extraction mini\u00e8re dans plusieurs pays, notamment en Afrique.<\/p>\n<p>R\u00e9cemment, le g\u00e9n\u00e9ral \u00e0 la retraite James Kabarebe, Secr\u00e9taire d\u2019\u00c9tat charg\u00e9 de l&#8217;int\u00e9gration r\u00e9gionale au minist\u00e8re des Affaires \u00e9trang\u00e8res du Rwanda, a expliqu\u00e9 aux membres du Parlement comment la suspension par le gouvernement canadien de son partenariat de d\u00e9veloppement avec le Rwanda \u00e9tait li\u00e9e aux int\u00e9r\u00eats canadiens dans les mines de Walikale, notamment \u00e0 travers Alphamin.<\/p>\n<p>L&#8217;entreprise a r\u00e9cemment annonc\u00e9 l&#8217;exportation de 4 500 tonnes de minerai, avec 280 tonnes suppl\u00e9mentaires en cours de transit vers les march\u00e9s internationaux depuis le d\u00e9but de l&#8217;ann\u00e9e.<\/p>\n<figure class=\"spip-document spip-document-59966 aligncenter\"><img decoding=\"async\" src=\"https:\/\/fr.igihe.com\/IMG\/png\/alph.png\" alt=\"La soci\u00e9t\u00e9 mini\u00e8re internationale bas\u00e9e au Canada &quot; Alphamin &quot;, a annonc\u00e9 la reprise de ses op\u00e9rations d\u2019extraction d\u2019\u00e9tain dans le territoire de Walikale\" \/><\/figure>\n","protected":false},"excerpt":{"rendered":"<p>La soci\u00e9t\u00e9 mini\u00e8re internationale bas\u00e9e au Canada &#8221; Alphamin &#8220;, a annonc\u00e9 la reprise de ses op\u00e9rations d&#8217;extraction d&#8217;\u00e9tain dans le territoire de Walikale, en R\u00e9publique D\u00e9mocratique du Congo, apr\u00e8s une interruption de pr\u00e8s d&#8217;un mois.<\/p>\n","protected":false},"author":488,"featured_media":4000059965,"comment_status":"open","ping_status":"open","sticky":false,"template":"","format":"standard","meta":{"footnotes":""},"categories":[7529],"tags":[7605],"byline":[7717],"hashtag":[],"class_list":["post-37370","post","type-post","status-publish","format-standard","has-post-thumbnail","hentry","category-actualite-3","tag-homenews","byline-igihe"],"bylines":[{"id":7717,"name":"IGIHE","slug":"igihe","description":"","image":{"id":0,"url":"https:\/\/secure.gravatar.com\/avatar\/?s=96&d=mm&f=y&r=g","alt":"Default avatar","title":"Default avatar","caption":"","mime_type":"image\/jpeg","sizes":[]},"user_id":393}],"contributors":[{"id":7717,"name":"IGIHE","slug":"igihe","description":"","image":{"id":0,"url":"https:\/\/secure.gravatar.com\/avatar\/?s=96&d=mm&f=y&r=g","alt":"Default avatar","title":"Default avatar","caption":"","mime_type":"image\/jpeg","sizes":[]},"user_id":393}],"featured_image":{"id":4000059965,"url":"https:\/\/fr-images.igihe.com\/IMG\/logo\/alph_cp.png","alt":"","caption":"","mime_type":"image\/png","width":0,"height":0,"sizes":{"thumbnail":{"url":"https:\/\/fr-images.igihe.com\/IMG\/logo\/alph_cp.png","width":1,"height":1},"medium":{"url":"https:\/\/fr-images.igihe.com\/IMG\/logo\/alph_cp.png","width":1,"height":1},"medium_large":{"url":"https:\/\/fr-images.igihe.com\/IMG\/logo\/alph_cp.png","width":1,"height":1},"large":{"url":"https:\/\/fr-images.igihe.com\/IMG\/logo\/alph_cp.png","width":1,"height":1},"full":{"url":"https:\/\/fr-images.igihe.com\/IMG\/logo\/alph_cp.png","width":0,"height":0}}},"_links":{"self":[{"href":"https:\/\/new.igihe.com\/french\/wp-json\/wp\/v2\/posts\/37370","targetHints":{"allow":["GET"]}}],"collection":[{"href":"https:\/\/new.igihe.com\/french\/wp-json\/wp\/v2\/posts"}],"about":[{"href":"https:\/\/new.igihe.com\/french\/wp-json\/wp\/v2\/types\/post"}],"author":[{"embeddable":true,"href":"https:\/\/new.igihe.com\/french\/wp-json\/wp\/v2\/users\/488"}],"replies":[{"embeddable":true,"href":"https:\/\/new.igihe.com\/french\/wp-json\/wp\/v2\/comments?post=37370"}],"version-history":[{"count":0,"href":"https:\/\/new.igihe.com\/french\/wp-json\/wp\/v2\/posts\/37370\/revisions"}],"wp:featuredmedia":[{"embeddable":true,"href":"https:\/\/new.igihe.com\/french\/wp-json\/wp\/v2\/media\/4000059965"}],"wp:attachment":[{"href":"https:\/\/new.igihe.com\/french\/wp-json\/wp\/v2\/media?parent=37370"}],"wp:term":[{"taxonomy":"category","embeddable":true,"href":"https:\/\/new.igihe.com\/french\/wp-json\/wp\/v2\/categories?post=37370"},{"taxonomy":"post_tag","embeddable":true,"href":"https:\/\/new.igihe.com\/french\/wp-json\/wp\/v2\/tags?post=37370"},{"taxonomy":"byline","embeddable":true,"href":"https:\/\/new.igihe.com\/french\/wp-json\/wp\/v2\/byline?post=37370"},{"taxonomy":"hashtag","embeddable":true,"href":"https:\/\/new.igihe.com\/french\/wp-json\/wp\/v2\/hashtag?post=37370"}],"curies":[{"name":"wp","href":"https:\/\/api.w.org\/{rel}","templated":true}]}}