{"id":37368,"date":"2025-04-10T14:22:30","date_gmt":"2025-04-10T14:22:30","guid":{"rendered":"https:\/\/new.igihe.com\/french\/Kabila-ou-la-resurgence-aux-ramifications-immergees-dans-une-brume-d-ambiguites-37368\/"},"modified":"2025-04-10T14:09:49","modified_gmt":"2025-04-10T14:09:49","slug":"Kabila-ou-la-resurgence-aux-ramifications-immergees-dans-une-brume-d-ambiguites","status":"publish","type":"post","link":"https:\/\/new.igihe.com\/french\/Kabila-ou-la-resurgence-aux-ramifications-immergees-dans-une-brume-d-ambiguites\/","title":{"rendered":"Kabila ou la r\u00e9surgence aux ramifications immerg\u00e9es dans une brume d\u2019ambigu\u00eft\u00e9s"},"content":{"rendered":"<p>Las, le cours de l\u2019histoire, insaisissable et t\u00eatu, en d\u00e9cida autrement. D\u00e8s lors, l\u2019annonce tonitruante de son retour r\u00e9sonne moins comme une surprise que comme la reprise d\u2019une partie interrompue par les caprices du destin. Une rencontre politique suspendue aux intemp\u00e9ries du temps, que l\u2019ancien pr\u00e9sident s\u2019appr\u00eate \u00e0 reprendre l\u00e0 o\u00f9 il l\u2019avait laiss\u00e9e.<\/p>\n<p>Son retour, d\u00e9sormais annonc\u00e9 avec \u00e9clat, prend les allures d\u2019un v\u00e9ritable cataclysme politique, dont les secousses sismiques pourraient fort bien \u00e9branler les fondations institutionnelles et r\u00e9agencer, dans une tectonique complexe, les \u00e9quilibres politiques en RDC. <\/p>\n<p>Car il revient dans un pays rong\u00e9 par une instabilit\u00e9 chronique dans sa partie orientale, un territoire o\u00f9 chaque all\u00e9geance, chaque fid\u00e9lit\u00e9 qu\u2019elle soit clanique, militaire ou communautaire p\u00e8se de tout son poids dans l\u2019architecture mouvante du pouvoir.<\/p>\n<p>Cette r\u00e9\u00e9mergence soul\u00e8ve une kyrielle d\u2019interrogations strat\u00e9giques : assiste-t-on \u00e0 une tentative masqu\u00e9e d\u2019influencer les prochaines \u00e9ch\u00e9ances \u00e9lectorales ? A une entreprise de recomposition op\u00e9r\u00e9e par des voies souterraines ? Ou bien \u00e0 un dessein plus ambitieux encore, nourri d\u2019un calcul au long cours, celui de se poser en r\u00e9gulateur tacite, voire en recours supr\u00eame, dans un champ politique morcel\u00e9, travers\u00e9 de lignes de faille et d\u2019ambitions contrari\u00e9es ?<\/p>\n<p>A bien des \u00e9gards, cette r\u00e9surgence ne suscite gu\u00e8re l\u2019enthousiasme : elle est accueillie avec une circonspection lourde de sous-entendus, m\u00e2tin\u00e9e d\u2019une inqui\u00e9tude \u00e0 peine voil\u00e9e. Car le spectre du pass\u00e9 n\u2019est jamais loin, et le retour du \u00ab ra\u00efs \u00bb pourrait raviver des antagonismes anciens, rouvrir des blessures \u00e0 peine cicatris\u00e9es, et r\u00e9veiller les fant\u00f4mes d\u2019une \u00e9poque que beaucoup esp\u00e9raient r\u00e9volue.<\/p>\n<p>En v\u00e9rit\u00e9, derri\u00e8re la silhouette du revenant, ce que l\u2019on discerne, c\u2019est une ambition demeur\u00e9e intacte, une volont\u00e9 de puissance demeur\u00e9e sourde au temps et aux revers. Peut-\u00eatre m\u00eame cette volont\u00e9 se voit-elle revigor\u00e9e aujourd\u2019hui par le sentiment lancinant d\u2019un inach\u00e8vement historique.<\/p>\n<p>Car il ne s\u2019agit pas ici d\u2019un simple retour dans l\u2019ar\u00e8ne : c\u2019est une entreprise de r\u00e9appropriation narrative, une tentative d\u2019imprimer \u00e0 nouveau sa marque sur le r\u00e9cit national, de ressaisir les r\u00eanes d\u2019un destin dont il ne s\u2019est jamais v\u00e9ritablement d\u00e9tach\u00e9.<\/p>\n<p>Depuis son retrait discret de la sc\u00e8ne publique et son installation quasi permanente hors de Kinshasa, Joseph Kabila Kabange s\u2019\u00e9tait mur\u00e9 dans un silence dont la densit\u00e9 politique ne cessait d\u2019alimenter les sp\u00e9culations. <\/p>\n<p>Mais le 8 avril dernier, l\u2019ancien pr\u00e9sident de la R\u00e9publique d\u00e9mocratique du Congo a bris\u00e9 cette r\u00e9serve, annon\u00e7ant son retour imminent au pays, non sans une part de myst\u00e8re soigneusement entretenue quant \u00e0 la date et au point d\u2019entr\u00e9e. Il \u00e9voque sobrement un retour &#8220;par l\u2019Est&#8221;, une formule qui, dans le contexte congolais, r\u00e9sonne avec des \u00e9chos tant g\u00e9ographiques que symboliques.<\/p>\n<p>{{Une galaxie de fid\u00e8les en ordre de bataille}}<\/p>\n<p>Ce retour proclam\u00e9 ne saurait \u00eatre interpr\u00e9t\u00e9 comme l\u2019expression passag\u00e8re d\u2019une volont\u00e9 solitaire ou d\u2019un \u00e9lan nostalgique. Il s\u2019apparente bien davantage \u00e0 un mouvement savamment pr\u00e9m\u00e9dit\u00e9, inscrit dans une dynamique de reconfiguration politique \u00e0 haute intensit\u00e9 strat\u00e9gique. <\/p>\n<p>Loin de surgir dans le vide, cette initiative s\u2019ancre dans une lecture rigoureuse des rapports de force, et t\u00e9moigne d\u2019une volont\u00e9 manifeste de r\u00e9investir l\u2019espace public et institutionnel par des voies indirectes, mais non moins d\u00e9terminantes.<\/p>\n<p>\u00c0 l\u2019abri des regards, Joseph Kabila s\u2019emploie m\u00e9thodiquement \u00e0 r\u00e9activer l\u2019entrelacs de fid\u00e9lit\u00e9s patiemment nou\u00e9es durant ses ann\u00e9es de pr\u00e9sidence. Il s\u2019agit l\u00e0 d\u2019un maillage complexe de loyaut\u00e9s personnelles, d\u2019alliances communautaires et d\u2019affinit\u00e9s militaires, dont les ramifications, bien que partiellement immerg\u00e9es dans l\u2019opacit\u00e9, laissent entrevoir une architecture parall\u00e8le de pouvoir en gestation. <\/p>\n<p>Ce patient travail de r\u00e9animation des r\u00e9seaux, conduit avec la rigueur d\u2019un strat\u00e8ge, laisse pr\u00e9sager une volont\u00e9 de peser \u00e0 nouveau, sinon de mani\u00e8re frontale, du moins en filigrane, sur les grands \u00e9quilibres du pays.<\/p>\n<p>D\u2019apr\u00e8s des sources concordantes, c\u2019est \u00e0 Harare que se joue une partie cruciale de ce red\u00e9ploiement. L\u2019ancien chef de l\u2019\u00c9tat y re\u00e7oit avec une intensit\u00e9 croissante de nombreuses figures venues de RDC : d\u2019anciens collaborateurs, des compagnons de route de la premi\u00e8re heure, mais \u00e9galement une n\u00e9buleuse de profils plus \u00e9nigmatiques, parmi lesquels certains exil\u00e9s r\u00e9cents du paysage politique congolais.<\/p>\n<p>Parmi ces fid\u00e8les, un nom s\u2019impose avec une singuli\u00e8re r\u00e9sonance : celui du g\u00e9n\u00e9ral John Numbi. Ancien chef de la police nationale puis inspecteur g\u00e9n\u00e9ral des FARDC. <\/p>\n<p>{{Des alliances transnationales et communautaires}}<\/p>\n<p>Au-del\u00e0 de ce noyau dur, Joseph Kabila entretiendrait des \u00e9changes soutenus avec des figures de l\u2019opposition congolaise actuellement en exil, notamment en Belgique. A ces connexions politiques s\u2019ajoutent les all\u00e9geances communautaires : plusieurs notables du Nord-Kivu, certains historiquement li\u00e9s \u00e0 des groupes arm\u00e9s op\u00e9rant dans l&#8217;Est du pays, auraient r\u00e9it\u00e9r\u00e9 leur loyaut\u00e9 \u00e0 l\u2019ancien pr\u00e9sident, dans une conjoncture o\u00f9 les dynamiques locales d\u2019influence pourraient se r\u00e9v\u00e9ler d\u00e9cisives.<\/p>\n<figure class=\"spip-document spip-document-59962 aligncenter\"><img decoding=\"async\" src=\"https:\/\/fr.igihe.com\/IMG\/jpg\/jk-5.jpg\" alt=\"L&#039;ancien pr\u00e9sident Joseph Kabila ne quitta jamais v\u00e9ritablement le pouvoir de son plein gr\u00e9\" \/><\/figure>\n","protected":false},"excerpt":{"rendered":"<p>Il ne quitta jamais v\u00e9ritablement les r\u00eanes du pouvoir de son plein gr\u00e9. Jusqu\u2019au dernier souffle de son d\u00e9part de Kinshasa, l\u2019ancien pr\u00e9sident Joseph Kabila s\u2019employa, par une s\u00e9rie de man\u0153uvres tortueuses et de subterfuges, \u00e0 en conserver les leviers essentiels. <\/p>\n","protected":false},"author":488,"featured_media":4000059961,"comment_status":"open","ping_status":"open","sticky":false,"template":"","format":"standard","meta":{"footnotes":""},"categories":[7544],"tags":[7605],"byline":[9102],"hashtag":[],"class_list":["post-37368","post","type-post","status-publish","format-standard","has-post-thumbnail","hentry","category-politique","tag-homenews","byline-tite-gatabazi"],"bylines":[{"id":9102,"name":"Tite Gatabazi","slug":"tite-gatabazi","description":"","image":{"id":0,"url":"https:\/\/secure.gravatar.com\/avatar\/?s=96&d=mm&f=y&r=g","alt":"Default avatar","title":"Default avatar","caption":"","mime_type":"image\/jpeg","sizes":[]},"user_id":472}],"contributors":[{"id":9102,"name":"Tite Gatabazi","slug":"tite-gatabazi","description":"","image":{"id":0,"url":"https:\/\/secure.gravatar.com\/avatar\/?s=96&d=mm&f=y&r=g","alt":"Default avatar","title":"Default avatar","caption":"","mime_type":"image\/jpeg","sizes":[]},"user_id":472}],"featured_image":{"id":4000059961,"url":"https:\/\/fr-images.igihe.com\/IMG\/logo\/jk_cp.jpg","alt":"","caption":"","mime_type":"image\/jpeg","width":0,"height":0,"sizes":{"thumbnail":{"url":"https:\/\/fr-images.igihe.com\/IMG\/logo\/jk_cp.jpg","width":1,"height":1},"medium":{"url":"https:\/\/fr-images.igihe.com\/IMG\/logo\/jk_cp.jpg","width":1,"height":1},"medium_large":{"url":"https:\/\/fr-images.igihe.com\/IMG\/logo\/jk_cp.jpg","width":1,"height":1},"large":{"url":"https:\/\/fr-images.igihe.com\/IMG\/logo\/jk_cp.jpg","width":1,"height":1},"full":{"url":"https:\/\/fr-images.igihe.com\/IMG\/logo\/jk_cp.jpg","width":0,"height":0}}},"_links":{"self":[{"href":"https:\/\/new.igihe.com\/french\/wp-json\/wp\/v2\/posts\/37368","targetHints":{"allow":["GET"]}}],"collection":[{"href":"https:\/\/new.igihe.com\/french\/wp-json\/wp\/v2\/posts"}],"about":[{"href":"https:\/\/new.igihe.com\/french\/wp-json\/wp\/v2\/types\/post"}],"author":[{"embeddable":true,"href":"https:\/\/new.igihe.com\/french\/wp-json\/wp\/v2\/users\/488"}],"replies":[{"embeddable":true,"href":"https:\/\/new.igihe.com\/french\/wp-json\/wp\/v2\/comments?post=37368"}],"version-history":[{"count":0,"href":"https:\/\/new.igihe.com\/french\/wp-json\/wp\/v2\/posts\/37368\/revisions"}],"wp:featuredmedia":[{"embeddable":true,"href":"https:\/\/new.igihe.com\/french\/wp-json\/wp\/v2\/media\/4000059961"}],"wp:attachment":[{"href":"https:\/\/new.igihe.com\/french\/wp-json\/wp\/v2\/media?parent=37368"}],"wp:term":[{"taxonomy":"category","embeddable":true,"href":"https:\/\/new.igihe.com\/french\/wp-json\/wp\/v2\/categories?post=37368"},{"taxonomy":"post_tag","embeddable":true,"href":"https:\/\/new.igihe.com\/french\/wp-json\/wp\/v2\/tags?post=37368"},{"taxonomy":"byline","embeddable":true,"href":"https:\/\/new.igihe.com\/french\/wp-json\/wp\/v2\/byline?post=37368"},{"taxonomy":"hashtag","embeddable":true,"href":"https:\/\/new.igihe.com\/french\/wp-json\/wp\/v2\/hashtag?post=37368"}],"curies":[{"name":"wp","href":"https:\/\/api.w.org\/{rel}","templated":true}]}}