{"id":37367,"date":"2025-04-10T14:04:10","date_gmt":"2025-04-10T14:04:10","guid":{"rendered":"https:\/\/new.igihe.com\/french\/L-AFC-M23-a-l-epreuve-de-l-afflux-des-transfuges-37367\/"},"modified":"2025-04-10T14:04:00","modified_gmt":"2025-04-10T14:04:00","slug":"L-AFC-M23-a-l-epreuve-de-l-afflux-des-transfuges","status":"publish","type":"post","link":"https:\/\/new.igihe.com\/french\/L-AFC-M23-a-l-epreuve-de-l-afflux-des-transfuges\/","title":{"rendered":"L\u2019AFC\/M23 \u00e0 l\u2019epreuve de l\u2019afflux des transfuges"},"content":{"rendered":"<p>Amer, presque transfigur\u00e9 par la ranc\u0153ur, il entame d\u00e9sormais une p\u00e9r\u00e9grination hasardeuse vers Goma, point n\u00e9vralgique sous l\u2019emprise strat\u00e9gique de l\u2019Alliance Fleuve Congo (AFC\/M23), conduite par Corneille Nangaa et Bertrand Bisimwa.<\/p>\n<p>Ce revirement, \u00e0 la fois spectaculaire et symptomatique, soul\u00e8ve une inqui\u00e9tude majeure : l\u2019AFC\/M23, d\u00e9j\u00e0 lourdement charg\u00e9e d\u2019un passif politico-militaire, peut-elle survivre \u00e0 une telle inflation de ralliements motiv\u00e9s moins par l\u2019adh\u00e9sion id\u00e9ologique que par l\u2019app\u00e2t d\u2019un repositionnement ? <\/p>\n<p>L\u2019exil de ces figures dites embl\u00e9matiques dont certaines ont troqu\u00e9 les convictions pour des convenances marque peut-\u00eatre un tournant dans la nature m\u00eame de cette insurrection. Loin d\u2019une croisade pour la justice ou d\u2019un id\u00e9al, on assiste \u00e0 une foire aux frustrations, o\u00f9 les anciens d\u00e9chus de Kinshasa se muent en crois\u00e9s opportunistes, drap\u00e9s d\u2019une l\u00e9gitimit\u00e9 de circonstance.<\/p>\n<p>La r\u00e9bellion de l\u2019AFC\/M23 entre alors dans une phase critique de sa mutation : de mouvement contestataire, elle risque de devenir un r\u00e9ceptacle de ressentiments. L&#8217;accumulation de transfuges, d\u00e9nu\u00e9s d\u2019une vision partag\u00e9e, pourrait pr\u00e9cipiter la d\u00e9sint\u00e9gration interne, quand bien m\u00eame elle simule une mont\u00e9e en puissance. <\/p>\n<p>Chaque nouvel arrivant, loin de n\u2019\u00eatre qu\u2019un simple renfort, introduit dans l\u2019architecture fragile de l\u2019insurrection une variable incertaine, souvent dissonante. Portant en lui les stigmates d\u2019ambitions contrari\u00e9es et lest\u00e9 d\u2019un agenda aussi personnel que dissimul\u00e9, il greffe \u00e0 la dynamique collective une logique de calcul, o\u00f9 l\u2019int\u00e9r\u00eat particulier supplante l\u2019id\u00e9al commun. <\/p>\n<p>Ces ralliements tardifs, dict\u00e9s par l\u2019opportunisme plus que par la conviction, inoculent \u00e0 la r\u00e9bellion les germes d\u2019une d\u00e9sagr\u00e9gation sourde. Ainsi, ce qui devait \u00eatre un \u00e9lan f\u00e9d\u00e9rateur risque de s\u2019alt\u00e9rer en un agr\u00e9gat instable d\u2019egos frustr\u00e9s, chacun tirant la couverture strat\u00e9gique \u00e0 lui, au m\u00e9pris de la coh\u00e9rence doctrinale. <\/p>\n<p>A mesure que s\u2019accumulent ces figures aux fid\u00e9lit\u00e9s volatiles, l\u2019AFC\/M23 s\u2019expose non seulement \u00e0 un \u00e9clatement de sa ligne de conduite, mais \u00e0 une implosion morale, insidieuse et in\u00e9luctable, minant de l\u2019int\u00e9rieur ce qui reste de son projet politique.<\/p>\n<p>\u00c0 l\u2019heure o\u00f9 Goma devient une sorte de nouvelle Mecque pour les recal\u00e9s du r\u00e9gime, l\u2019on doit s\u2019interroger : la qu\u00eate de l\u00e9gitimit\u00e9 de l\u2019AFC\/M23 peut-elle se construire sur les d\u00e9combres d\u2019engagements bris\u00e9s et sur les ruines d\u2019une amertume mal dig\u00e9r\u00e9e ? <\/p>\n<p>Ou assiste-t-on, silencieux et impuissants, \u00e0 l\u2019agonie morale d\u2019un mouvement qui, faute d\u2019un socle id\u00e9ologique solide, risque de s\u2019effondrer sous le poids de ses contradictions internes ? La situation, en v\u00e9rit\u00e9, r\u00e9v\u00e8le moins la force d\u2019un mouvement que la faiblesse d\u2019un \u00c9tat.<\/p>\n<p>Dans cet \u00c9tat aux institutions vacillantes, o\u00f9 le m\u00e9rite s\u2019efface devant la v\u00e9nalit\u00e9, les charges publiques ne se conqui\u00e8rent plus par l\u2019\u00e9clat d\u2019une vision ni par la rigueur d\u2019un engagement, mais se n\u00e9gocient dans les arri\u00e8re-cours opaques du pouvoir, au gr\u00e9 des fid\u00e9lit\u00e9s provisoires et des alliances de circonstance. <\/p>\n<p>Le fauteuil minist\u00e9riel devient ainsi une rente, un troph\u00e9e personnel \u00e0 rentabiliser, plut\u00f4t qu\u2019une tribune au service du bien commun. Et lorsqu\u2019un acteur se voit abruptement arrach\u00e9 \u00e0 cette table des privil\u00e8ges, ce n\u2019est point la conscience d\u2019une insuffisance ou le remords d\u2019un \u00e9chec qui l\u2019habite, mais la vive sensation d\u2019avoir \u00e9t\u00e9 trahi, spoli\u00e9 d\u2019un d\u00fb, presque viol\u00e9 dans son droit acquis. <\/p>\n<p>Dans cette perversion du sens de l\u2019\u00c9tat, la disgr\u00e2ce ne se vit plus comme une remise en question, mais comme une insulte intol\u00e9rable un casus belli justifiant toutes les transgressions, y compris l\u2019all\u00e9geance aux ennemis d\u2019hier, pour peu qu\u2019elle promette vengeance et repositionnement.<\/p>\n<p>Il y a l\u00e0, en filigrane, comme une exhortation silencieuse \u00e0 la vigilance, un appel imp\u00e9rieux \u00e0 pr\u00e9server le socle doctrinal du mouvement, \u00e0 le raffermir avec ceux dont l\u2019engagement s\u2019enracine dans une foi profonde en la justesse de la cause, et non dans les fluctuations opportunistes de la conjoncture. <\/p>\n<p>Face \u00e0 l\u2019irruption soudaine de ces militants de la vingt-cinqui\u00e8me heure, figures cam\u00e9l\u00e9oniques dont l\u2019adh\u00e9sion tardive trahit moins une conversion sinc\u00e8re qu\u2019un instinct de survie politique, il devient urgent de discerner l\u2019authenticit\u00e9 de l\u2019all\u00e9geance. <\/p>\n<p>Car le v\u00e9ritable p\u00e9ril ne r\u00e9side pas uniquement dans l\u2019adversit\u00e9 d\u00e9clar\u00e9e, mais dans la dilution insidieuse des id\u00e9aux par ceux qui, sous couvert de fraternit\u00e9, infiltrent le mouvement avec des desseins \u00e9trangers \u00e0 sa raison d\u2019\u00eatre. <\/p>\n<p>Il faut donc, sans faiblir, distinguer les b\u00e2tisseurs des usurpateurs et veiller \u00e0 ce que la lutte ne soit pas d\u00e9natur\u00e9e par les ambitions erratiques de ceux qui n\u2019y voient qu\u2019un tremplin vers leurs int\u00e9r\u00eats \u00e9go\u00efstes.<\/p>\n<figure class=\"spip-document spip-document-59960 aligncenter\"><img decoding=\"async\" src=\"https:\/\/fr.igihe.com\/IMG\/jpg\/mn-3.jpg\" alt=\"L\u2019ancien ministre d\u2019\u00c9tat, Mbussa Nyamwissi, a \u00e9t\u00e9 pr\u00e9cipit\u00e9 hors du banquet r\u00e9publicain, apr\u00e8s avoir bri\u00e8vement occup\u00e9 une fonction au sein de l\u2019USN de F\u00e9lix Tshisekedi\" \/><\/figure>\n","protected":false},"excerpt":{"rendered":"<p>Le fracas des ambitions d\u00e9\u00e7ues vient de trouver un nouvel \u00e9cho dans les replis ombrageux de l\u2019Est congolais. L\u2019ancien ministre d\u2019\u00c9tat, Mbussa Nyamwissi, \u00e9ph\u00e9m\u00e8re par la fonction mais non par l\u2019orgueil, nagu\u00e8re install\u00e9 dans les ors feutr\u00e9s de l\u2019USN de F\u00e9lix Tshisekedi, s\u2019est vu pr\u00e9cipit\u00e9 hors du banquet r\u00e9publicain. <\/p>\n","protected":false},"author":488,"featured_media":4000059959,"comment_status":"open","ping_status":"open","sticky":false,"template":"","format":"standard","meta":{"footnotes":""},"categories":[7544],"tags":[7605],"byline":[9102],"hashtag":[],"class_list":["post-37367","post","type-post","status-publish","format-standard","has-post-thumbnail","hentry","category-politique","tag-homenews","byline-tite-gatabazi"],"bylines":[{"id":9102,"name":"Tite Gatabazi","slug":"tite-gatabazi","description":"","image":{"id":0,"url":"https:\/\/secure.gravatar.com\/avatar\/?s=96&d=mm&f=y&r=g","alt":"Default avatar","title":"Default avatar","caption":"","mime_type":"image\/jpeg","sizes":[]},"user_id":472}],"contributors":[{"id":9102,"name":"Tite Gatabazi","slug":"tite-gatabazi","description":"","image":{"id":0,"url":"https:\/\/secure.gravatar.com\/avatar\/?s=96&d=mm&f=y&r=g","alt":"Default avatar","title":"Default avatar","caption":"","mime_type":"image\/jpeg","sizes":[]},"user_id":472}],"featured_image":{"id":4000059959,"url":"https:\/\/fr-images.igihe.com\/IMG\/logo\/mn_cp-3.jpg","alt":"","caption":"","mime_type":"image\/jpeg","width":0,"height":0,"sizes":{"thumbnail":{"url":"https:\/\/fr-images.igihe.com\/IMG\/logo\/mn_cp-3.jpg","width":1,"height":1},"medium":{"url":"https:\/\/fr-images.igihe.com\/IMG\/logo\/mn_cp-3.jpg","width":1,"height":1},"medium_large":{"url":"https:\/\/fr-images.igihe.com\/IMG\/logo\/mn_cp-3.jpg","width":1,"height":1},"large":{"url":"https:\/\/fr-images.igihe.com\/IMG\/logo\/mn_cp-3.jpg","width":1,"height":1},"full":{"url":"https:\/\/fr-images.igihe.com\/IMG\/logo\/mn_cp-3.jpg","width":0,"height":0}}},"_links":{"self":[{"href":"https:\/\/new.igihe.com\/french\/wp-json\/wp\/v2\/posts\/37367","targetHints":{"allow":["GET"]}}],"collection":[{"href":"https:\/\/new.igihe.com\/french\/wp-json\/wp\/v2\/posts"}],"about":[{"href":"https:\/\/new.igihe.com\/french\/wp-json\/wp\/v2\/types\/post"}],"author":[{"embeddable":true,"href":"https:\/\/new.igihe.com\/french\/wp-json\/wp\/v2\/users\/488"}],"replies":[{"embeddable":true,"href":"https:\/\/new.igihe.com\/french\/wp-json\/wp\/v2\/comments?post=37367"}],"version-history":[{"count":0,"href":"https:\/\/new.igihe.com\/french\/wp-json\/wp\/v2\/posts\/37367\/revisions"}],"wp:featuredmedia":[{"embeddable":true,"href":"https:\/\/new.igihe.com\/french\/wp-json\/wp\/v2\/media\/4000059959"}],"wp:attachment":[{"href":"https:\/\/new.igihe.com\/french\/wp-json\/wp\/v2\/media?parent=37367"}],"wp:term":[{"taxonomy":"category","embeddable":true,"href":"https:\/\/new.igihe.com\/french\/wp-json\/wp\/v2\/categories?post=37367"},{"taxonomy":"post_tag","embeddable":true,"href":"https:\/\/new.igihe.com\/french\/wp-json\/wp\/v2\/tags?post=37367"},{"taxonomy":"byline","embeddable":true,"href":"https:\/\/new.igihe.com\/french\/wp-json\/wp\/v2\/byline?post=37367"},{"taxonomy":"hashtag","embeddable":true,"href":"https:\/\/new.igihe.com\/french\/wp-json\/wp\/v2\/hashtag?post=37367"}],"curies":[{"name":"wp","href":"https:\/\/api.w.org\/{rel}","templated":true}]}}