{"id":37361,"date":"2025-04-10T11:40:25","date_gmt":"2025-04-10T11:40:25","guid":{"rendered":"https:\/\/new.igihe.com\/french\/Le-Rwanda-deuxieme-centre-collaborateur-FIC-de-l-OMS-en-Afrique-37361\/"},"modified":"2025-04-10T11:36:03","modified_gmt":"2025-04-10T11:36:03","slug":"Le-Rwanda-deuxieme-centre-collaborateur-FIC-de-l-OMS-en-Afrique","status":"publish","type":"post","link":"https:\/\/new.igihe.com\/french\/Le-Rwanda-deuxieme-centre-collaborateur-FIC-de-l-OMS-en-Afrique\/","title":{"rendered":"Le Rwanda, deuxi\u00e8me centre collaborateur FIC de l\u2019OMS en Afrique"},"content":{"rendered":"<p>Ce centre, soutenu par le Centre r\u00e9gional d&#8217;excellence en ing\u00e9nierie biom\u00e9dicale et en cybersant\u00e9 de l&#8217;Universit\u00e9 du Rwanda (UR), collabore \u00e9troitement avec le minist\u00e8re de la Sant\u00e9.<\/p>\n<p>Apr\u00e8s l\u2019Afrique du Sud, le Rwanda devient ainsi le deuxi\u00e8me pays du continent \u00e0 abriter une telle structure.<\/p>\n<p>La d\u00e9signation a \u00e9t\u00e9 officiellement communiqu\u00e9e par le directeur r\u00e9gional par int\u00e9rim de l\u2019OMS, Dr Chikwe Ihekweazu, et prendra effet le 12 mars 2025 pour une dur\u00e9e de quatre ans, jusqu\u2019au 12 mars 2029.<\/p>\n<p>Le Rwanda s\u2019impose ainsi comme un acteur de premier plan dans le d\u00e9veloppement, la mise en \u0153uvre et la promotion \u00e0 l\u2019\u00e9chelle mondiale des classifications internationales de l\u2019OMS en mati\u00e8re de sant\u00e9, notamment la Classification internationale des maladies (CIM-11), la Classification internationale des interventions en sant\u00e9 (ICHI) et la Classification internationale du fonctionnement, du handicap et de la sant\u00e9 (CIF).<\/p>\n<p>Ce centre jouera un r\u00f4le majeure dans le renforcement des infrastructures de donn\u00e9es sanitaires \u00e0 l\u2019\u00e9chelle africaine, en assurant des activit\u00e9s de formation, en soutenant l\u2019\u00e9laboration de politiques fond\u00e9es sur des donn\u00e9es probantes et en favorisant la coop\u00e9ration en mati\u00e8re de recherche.<\/p>\n<p>Lors de la c\u00e9r\u00e9monie de lancement, le Dr Chikwe Ihekweazu a mis en lumi\u00e8re l\u2019importance de cette r\u00e9alisation pour la r\u00e9gion :<\/p>\n<p>\u00ab Il s&#8217;agit d&#8217;une avanc\u00e9e in\u00e9dite pour le Rwanda, et d&#8217;un \u00e9v\u00e9nement exceptionnel \u00e0 l&#8217;\u00e9chelle africaine, \u00e9tant la deuxi\u00e8me r\u00e9alisation de ce type sur le continent, cette avanc\u00e9e constitue une source de fiert\u00e9 et refl\u00e8te la capacit\u00e9 grandissante de l\u2019Afrique \u00e0 exercer un leadership dans les syst\u00e8mes d\u2019information sanitaire. F\u00e9licitations au Centre r\u00e9gional d\u2019excellence de l\u2019Universit\u00e9 du Rwanda pour cette reconnaissance. \u00bb<\/p>\n<p>Il a soulign\u00e9 l\u2019urgence, pour les pays, de passer de la phase de d\u00e9veloppement \u00e0 celle de la mise en \u0153uvre concr\u00e8te des outils de classification sanitaire mondiale.<\/p>\n<p>\u00ab Des donn\u00e9es fiables \u2014 qu\u2019il s\u2019agisse de statistiques de mortalit\u00e9 plus pr\u00e9cises ou d\u2019une allocation plus efficiente des ressources \u2014 changent v\u00e9ritablement la donne. La pand\u00e9mie de COVID-19 a mis en lumi\u00e8re les vuln\u00e9rabilit\u00e9s de nos syst\u00e8mes, mais nous observons aujourd\u2019hui des avanc\u00e9es notables. Chaque pays dispose d\u00e9sormais de m\u00e9canismes pour g\u00e9n\u00e9rer des donn\u00e9es de sant\u00e9 et de mortalit\u00e9 plus robustes \u00bb, a-t-il d\u00e9clar\u00e9.<\/p>\n<p>Le Dr Ihekweazu a en outre encourag\u00e9 une adoption accrue d\u2019outils innovants tels que le logiciel DORIS (Digital Open Rule Integrated Cause of Death Selection) de l\u2019OMS, ainsi que le nouveau programme de formation en ligne sur la certification m\u00e9dicale des causes de d\u00e9c\u00e8s, qu\u2019il consid\u00e8re comme essentiels pour combler les lacunes persistantes en mati\u00e8re de fiabilit\u00e9 des donn\u00e9es \u00e0 travers le continent.<\/p>\n<figure class=\"spip-document spip-document-59945 aligncenter\"><img decoding=\"async\" src=\"https:\/\/fr.igihe.com\/IMG\/jpg\/who_1.jpg\" alt=\"La d\u00e9signation a \u00e9t\u00e9 communiqu\u00e9e par le Directeur r\u00e9gional par int\u00e9rim de l\u2019OMS, Dr Chikwe Ihekweazu\" \/><\/figure>\n<p>Le Dr Muhammed Semakula, chef du D\u00e9partement de la planification, du suivi, de l\u2019\u00e9valuation et du financement de la sant\u00e9 au minist\u00e8re de la Sant\u00e9, s\u2019exprimant au nom du ministre, a salu\u00e9 la cr\u00e9ation de ce centre, qu\u2019il a qualifi\u00e9e de reflet concret des avanc\u00e9es du Rwanda dans le domaine de la sant\u00e9 num\u00e9rique.<\/p>\n<p>\u00ab Cette reconnaissance t\u00e9moigne de l\u2019engagement r\u00e9solu de notre pays en faveur de politiques fond\u00e9es sur des donn\u00e9es probantes, d\u2019une surveillance \u00e9pid\u00e9miologique rigoureuse et d\u2019une allocation optimale des ressources \u00bb, a-t-il d\u00e9clar\u00e9.<\/p>\n<p>Il a pr\u00e9cis\u00e9 que le Rwanda a d\u2019ores et d\u00e9j\u00e0 int\u00e9gr\u00e9 la Classification internationale des maladies (CIM-11) dans l\u2019ensemble de son syst\u00e8me de sant\u00e9. Avec 97 % de la population couverte par une assurance maladie, cette int\u00e9gration renforce non seulement la pr\u00e9cision des diagnostics et des remboursements, mais contribue \u00e9galement \u00e0 am\u00e9liorer la qualit\u00e9, la rapidit\u00e9 et l\u2019efficacit\u00e9 des services de sant\u00e9 \u00e0 tous les niveaux.<\/p>\n<p>Selon lui, la mise en \u0153uvre d\u2019un syst\u00e8me de classification unifi\u00e9 contribuera \u00e0 harmoniser les pratiques entre les \u00e9tablissements de sant\u00e9 et les compagnies d\u2019assurance, r\u00e9duisant ainsi les inefficacit\u00e9s, les erreurs de traitement administratif et les r\u00e9clamations des patients.<\/p>\n<p>Le repr\u00e9sentant de l\u2019OMS au Rwanda, Dr Brian Chirombo, a salu\u00e9 les efforts concert\u00e9s qui ont abouti \u00e0 la cr\u00e9ation de ce centre collaborateur.<\/p>\n<p>\u00ab Je tiens \u00e0 adresser mes f\u00e9licitations \u00e0 l\u2019Universit\u00e9 du Rwanda et au minist\u00e8re de la Sant\u00e9 pour cette r\u00e9alisation exceptionnelle \u00bb, a-t-il d\u00e9clar\u00e9.<\/p>\n<p>Dr Chirombo a soulign\u00e9 que les classifications sanitaires vont bien au-del\u00e0 de simples outils techniques : elles constituent un langage commun permettant aux professionnels de sant\u00e9 de d\u00e9crire, comprendre et communiquer les r\u00e9alit\u00e9s complexes li\u00e9es \u00e0 la sant\u00e9 et \u00e0 la maladie, \u00e0 l\u2019\u00e9chelle locale comme internationale.<\/p>\n<p>\u00ab Ces classifications nous permettent de suivre l\u2019\u00e9volution des \u00e9pid\u00e9mies, de concevoir des politiques de sant\u00e9 publique adapt\u00e9es et d\u2019en mesurer l\u2019impact \u00bb, a-t-il soulign\u00e9.<\/p>\n<figure class=\"spip-document spip-document-59946 aligncenter\"><img decoding=\"async\" src=\"https:\/\/fr.igihe.com\/IMG\/jpg\/who_2.jpg\" alt=\"Dr Muhammed Semakula (au centre), a salu\u00e9 le centre comme un reflet des progr\u00e8s du Rwanda dans le domaine de la sant\u00e9 num\u00e9rique\" \/><\/figure>\n<p>Il a \u00e9galement rappel\u00e9 qu\u2019entre 2018 et 2024, l\u2019Universit\u00e9 du Rwanda et le minist\u00e8re de la Sant\u00e9, en collaboration avec l\u2019OMS, ont mis en place un programme de formation de courte dur\u00e9e en codage m\u00e9dical, propos\u00e9 au sein de l\u2019Universit\u00e9 nationale.<\/p>\n<p>Dans ce cadre, des professionnels de sant\u00e9 ont \u00e9t\u00e9 form\u00e9s au codage m\u00e9dical et \u00e0 la certification des causes de d\u00e9c\u00e8s. Par ailleurs, la CIM-11 a \u00e9t\u00e9 test\u00e9e sur le terrain \u00e0 travers l\u2019utilisation de dossiers m\u00e9dicaux \u00e9lectroniques (DME) dans deux h\u00f4pitaux pilotes, avant d\u2019\u00eatre int\u00e9gr\u00e9e aux plateformes &#8220;OpenMRS&#8221; et &#8220;eBuzima&#8221;, ces derni\u00e8res \u00e9tant en cours de d\u00e9ploiement dans les centres de sant\u00e9 \u00e0 travers le pays.<\/p>\n<p>Ces initiatives ont non seulement renforc\u00e9 les syst\u00e8mes nationaux de sant\u00e9, mais ont \u00e9galement favoris\u00e9 le partage des connaissances et des bonnes pratiques \u00e0 l\u2019\u00e9chelle mondiale, notamment lors des r\u00e9unions de la Famille des Classifications Internationales de l\u2019OMS (OMS-FCI).<\/p>\n<p>Au c\u0153ur du d\u00e9veloppement du Centre r\u00e9gional d\u2019excellence en ing\u00e9nierie biom\u00e9dicale et en cybersant\u00e9 se trouve le Dr Michael Mugisha, ma\u00eetre de conf\u00e9rences \u00e0 l\u2019Universit\u00e9 du Rwanda et cofondateur du centre collaborateur de l\u2019OMS. Se f\u00e9licitant de cette avanc\u00e9e, il a exprim\u00e9 sa profonde gratitude pour la reconnaissance accord\u00e9e.<\/p>\n<p>Dr Mugisha a soulign\u00e9 que la CIM-11 ne se limite pas \u00e0 la documentation des maladies : elle permet \u00e9galement d\u2019enregistrer les interventions de sant\u00e9, ce qui constitue un levier essentiel pour une planification efficace, une allocation rationnelle des ressources et une recherche scientifique guid\u00e9e par les donn\u00e9es.<\/p>\n<figure class=\"spip-document spip-document-59943 aligncenter\"><img decoding=\"async\" src=\"https:\/\/fr.igihe.com\/IMG\/jpg\/who_3.jpg\" alt=\"Dr Michael Mugisha, ma\u00eetre de conf\u00e9rences \u00e0 l\u2019Universit\u00e9 du Rwanda et cofondateur du centre collaborateur de l\u2019OMS, a exprim\u00e9 avec fiert\u00e9 sa reconnaissance pour cette r\u00e9alisation\" \/><\/figure>\n<p>\u00ab Aujourd\u2019hui, gr\u00e2ce \u00e0 des donn\u00e9es structur\u00e9es et normalis\u00e9es dans tous les \u00e9tablissements de sant\u00e9, des postes de sant\u00e9 aux h\u00f4pitaux de r\u00e9f\u00e9rence, nous pouvons agr\u00e9ger et analyser les informations afin d&#8217;orienter les politiques et guider les d\u00e9cisions. Par exemple, nous pouvons d\u00e9sormais r\u00e9pondre \u00e0 des questions telles que : combien de c\u00e9sariennes ont \u00e9t\u00e9 pratiqu\u00e9es le mois dernier ? Ou quels districts connaissent des tendances pathologiques sp\u00e9cifiques ? \u00bb, a-t-il expliqu\u00e9.<\/p>\n<p>Il a \u00e9galement soulign\u00e9 que le centre permettra au Rwanda de faire entendre sa voix sur la sc\u00e8ne internationale : \u00ab Gr\u00e2ce \u00e0 ce centre collaborateur, nous disposons d\u00e9sormais d\u2019une plateforme qui nous permet de refl\u00e9ter les r\u00e9alit\u00e9s sanitaires propres au Rwanda dans les normes internationales de classification. Nous serons actifs dans les r\u00e9visions afin de veiller \u00e0 ce que les conditions et d\u00e9fis sp\u00e9cifiques \u00e0 l\u2019Afrique soient pris en compte et reconnus \u00e0 l\u2019\u00e9chelle mondiale. \u00bb<\/p>\n<p>Le Dr. Mugisha a \u00e9galement soulign\u00e9 la richesse de l\u2019expertise locale : \u00ab Le Rwanda abrite des scientifiques, des cliniciens et des chercheurs d&#8217;une grande comp\u00e9tence. Nous mettons cette expertise \u00e0 contribution pour participer activement \u00e0 l&#8217;am\u00e9lioration mondiale de la documentation et de la compr\u00e9hension des maladies et des interventions sanitaires. \u00bb a-t-il conclu.<\/p>\n<figure class=\"spip-document spip-document-59944 aligncenter\"><img decoding=\"async\" src=\"https:\/\/fr.igihe.com\/IMG\/jpg\/who_4.jpg\" alt=\"Le Rwanda est d\u00e9sormais un acteur cl\u00e9 dans le d\u00e9veloppement, la mise en \u0153uvre et la promotion mondiale des classifications internationales de sant\u00e9 de l\u2019OMS\" \/><\/figure>\n<figure class=\"spip-document spip-document-59942 aligncenter\"><img decoding=\"async\" src=\"https:\/\/fr.igihe.com\/IMG\/jpg\/who_5.jpg\" alt=\"Le Repr\u00e9sentant de l\u2019OMS au Rwanda, Dr Brian Chirombo, a salu\u00e9 les efforts de collaboration qui ont conduit \u00e0 la cr\u00e9ation de ce nouveau centre\" \/><\/figure>\n<figure class=\"spip-document spip-document-59940 aligncenter\"><img decoding=\"async\" src=\"https:\/\/fr.igihe.com\/IMG\/jpg\/who_6.jpg\" alt=\"Dr Robert Jakob (\u00e0 droite), chef de l\u2019unit\u00e9 des classifications et terminologies \u00e0 l\u2019OMS \u00e0 Gen\u00e8ve, partage un moment de convivialit\u00e9 avec d\u2019autres responsables \u00e0 Kigali\" \/><\/figure>\n<figure class=\"spip-document spip-document-59941 aligncenter\"><img decoding=\"async\" src=\"https:\/\/fr.igihe.com\/IMG\/jpg\/who_7.jpg\" alt=\"Apr\u00e8s l\u2019Afrique du Sud, le Rwanda devient d\u00e9sormais le deuxi\u00e8me pays africain \u00e0 accueillir un centre du genre\" \/><\/figure>\n<figure class=\"spip-document spip-document-59938 aligncenter\"><img decoding=\"async\" src=\"https:\/\/fr.igihe.com\/IMG\/jpg\/who_8.jpg\" alt=\"Le Rwanda a r\u00e9cemment accueilli la r\u00e9union interm\u00e9diaire 2025 de la FIC de l\u2019OMS ainsi que l\u2019atelier DORIS\" \/><\/figure>\n<figure class=\"spip-document spip-document-59939 aligncenter\"><img decoding=\"async\" src=\"https:\/\/fr.igihe.com\/IMG\/jpg\/who_9.jpg\" alt=\"\" \/><\/figure>\n","protected":false},"excerpt":{"rendered":"<p>Le Rwanda a franchit une \u00e9tape majeure avec le lancement du deuxi\u00e8me centre collaborateur de l\u2019Organisation mondiale de la Sant\u00e9 (OMS) pour la Famille des Classifications Internationales (OMS-FCI) sur le continent africain.<\/p>\n","protected":false},"author":488,"featured_media":4000059947,"comment_status":"open","ping_status":"open","sticky":false,"template":"","format":"standard","meta":{"footnotes":""},"categories":[7546],"tags":[7605],"byline":[9865],"hashtag":[],"class_list":["post-37361","post","type-post","status-publish","format-standard","has-post-thumbnail","hentry","category-sante-20","tag-homenews","byline-alain-bertrand-tunezerwe"],"bylines":[{"id":9865,"name":"Alain Bertrand Tunezerwe","slug":"alain-bertrand-tunezerwe","description":"","image":{"id":0,"url":"https:\/\/secure.gravatar.com\/avatar\/?s=96&d=mm&f=y&r=g","alt":"Default avatar","title":"Default avatar","caption":"","mime_type":"image\/jpeg","sizes":[]},"user_id":452}],"contributors":[{"id":9865,"name":"Alain Bertrand Tunezerwe","slug":"alain-bertrand-tunezerwe","description":"","image":{"id":0,"url":"https:\/\/secure.gravatar.com\/avatar\/?s=96&d=mm&f=y&r=g","alt":"Default avatar","title":"Default avatar","caption":"","mime_type":"image\/jpeg","sizes":[]},"user_id":452}],"featured_image":{"id":4000059947,"url":"https:\/\/fr-images.igihe.com\/IMG\/logo\/cp-35.jpg","alt":"","caption":"","mime_type":"image\/jpeg","width":0,"height":0,"sizes":{"thumbnail":{"url":"https:\/\/fr-images.igihe.com\/IMG\/logo\/cp-35.jpg","width":1,"height":1},"medium":{"url":"https:\/\/fr-images.igihe.com\/IMG\/logo\/cp-35.jpg","width":1,"height":1},"medium_large":{"url":"https:\/\/fr-images.igihe.com\/IMG\/logo\/cp-35.jpg","width":1,"height":1},"large":{"url":"https:\/\/fr-images.igihe.com\/IMG\/logo\/cp-35.jpg","width":1,"height":1},"full":{"url":"https:\/\/fr-images.igihe.com\/IMG\/logo\/cp-35.jpg","width":0,"height":0}}},"_links":{"self":[{"href":"https:\/\/new.igihe.com\/french\/wp-json\/wp\/v2\/posts\/37361","targetHints":{"allow":["GET"]}}],"collection":[{"href":"https:\/\/new.igihe.com\/french\/wp-json\/wp\/v2\/posts"}],"about":[{"href":"https:\/\/new.igihe.com\/french\/wp-json\/wp\/v2\/types\/post"}],"author":[{"embeddable":true,"href":"https:\/\/new.igihe.com\/french\/wp-json\/wp\/v2\/users\/488"}],"replies":[{"embeddable":true,"href":"https:\/\/new.igihe.com\/french\/wp-json\/wp\/v2\/comments?post=37361"}],"version-history":[{"count":0,"href":"https:\/\/new.igihe.com\/french\/wp-json\/wp\/v2\/posts\/37361\/revisions"}],"wp:featuredmedia":[{"embeddable":true,"href":"https:\/\/new.igihe.com\/french\/wp-json\/wp\/v2\/media\/4000059947"}],"wp:attachment":[{"href":"https:\/\/new.igihe.com\/french\/wp-json\/wp\/v2\/media?parent=37361"}],"wp:term":[{"taxonomy":"category","embeddable":true,"href":"https:\/\/new.igihe.com\/french\/wp-json\/wp\/v2\/categories?post=37361"},{"taxonomy":"post_tag","embeddable":true,"href":"https:\/\/new.igihe.com\/french\/wp-json\/wp\/v2\/tags?post=37361"},{"taxonomy":"byline","embeddable":true,"href":"https:\/\/new.igihe.com\/french\/wp-json\/wp\/v2\/byline?post=37361"},{"taxonomy":"hashtag","embeddable":true,"href":"https:\/\/new.igihe.com\/french\/wp-json\/wp\/v2\/hashtag?post=37361"}],"curies":[{"name":"wp","href":"https:\/\/api.w.org\/{rel}","templated":true}]}}