{"id":37360,"date":"2025-04-09T18:22:46","date_gmt":"2025-04-09T18:22:46","guid":{"rendered":"https:\/\/new.igihe.com\/french\/Le-ministre-de-la-Defense-congolais-admet-la-responsabilite-du-gouvernement-37360\/"},"modified":"2025-04-09T18:12:22","modified_gmt":"2025-04-09T18:12:22","slug":"Le-ministre-de-la-Defense-congolais-admet-la-responsabilite-du-gouvernement","status":"publish","type":"post","link":"https:\/\/new.igihe.com\/french\/Le-ministre-de-la-Defense-congolais-admet-la-responsabilite-du-gouvernement\/","title":{"rendered":"Le ministre de la D\u00e9fense congolais admet la responsabilit\u00e9 du gouvernement dans les revers face \u00e0 l\u2019AFC\/M23"},"content":{"rendered":"<p>Ces propos ont \u00e9t\u00e9 tenus lors d\u2019une visite dans le territoire d\u2019Uvira, dans la province du Sud-Kivu, visant \u00e0 remonter le moral des troupes et des milices locales engag\u00e9es dans les combats contre l\u2019alliance AFC\/M23.<\/p>\n<p>Les soldats congolais et les miliciens regroup\u00e9s \u00e0 Uvira sont, pour la plupart, ceux qui avaient fui apr\u00e8s la chute de Bukavu aux mains de l\u2019AFC\/M23, le 16 f\u00e9vrier 2025, soit seulement deux semaines apr\u00e8s la prise de Goma, autre ville strat\u00e9gique de la r\u00e9gion.<\/p>\n<p>Depuis que l\u2019AFC\/M23 a conquis la ville de Bunagana, dans la province du Nord-Kivu, en juin 2022, l\u2019arm\u00e9e congolaise n\u2019a cess\u00e9 de pr\u00e9senter ses retraits comme des replis tactiques, destin\u00e9s \u00e0 lui permettre de se r\u00e9organiser en vue de reconqu\u00e9rir les territoires perdus.<\/p>\n<p>Interrog\u00e9 sur ces d\u00e9clarations r\u00e9currentes alors m\u00eame que les pertes territoriales se multiplient, Guy Kabombo Mudiamvita a attribu\u00e9 les revers militaires \u00e0 la pr\u00e9carit\u00e9 des conditions de vie des soldats.<\/p>\n<p>\u00ab Si les soldats ne disposent pas des ressources n\u00e9cessaires et vivent dans des conditions d\u00e9plorables, que peut-on r\u00e9ellement attendre d\u2019eux ? Le probl\u00e8me est avant tout politique. C\u2019est pourquoi nous devons imp\u00e9rativement am\u00e9liorer la situation \u00bb, a-t-il d\u00e9clar\u00e9.<\/p>\n<p>Face \u00e0 l\u2019intensification du conflit dans l\u2019est du pays, le gouvernement congolais a d\u00e9cid\u00e9 de proc\u00e9der \u00e0 une augmentation significative du budget d\u00e9di\u00e9 \u00e0 l\u2019arm\u00e9e. L\u2019ann\u00e9e derni\u00e8re, une enveloppe de 19,5 milliards de dollars a \u00e9t\u00e9 allou\u00e9e sur une p\u00e9riode de cinq ans aux secteurs de la d\u00e9fense et de la s\u00e9curit\u00e9, soit une moyenne annuelle d\u2019environ 3,8 milliards de dollars.<\/p>\n<p>En 2023, le budget militaire a enregistr\u00e9 une augmentation spectaculaire de 300 %, passant de 330 millions \u00e0 1 milliard de dollars. Cette enveloppe a \u00e9t\u00e9 principalement consacr\u00e9e \u00e0 l\u2019acquisition d\u2019\u00e9quipements militaires modernes \u2014 notamment des avions de chasse \u2014, \u00e0 la r\u00e9habilitation des infrastructures de d\u00e9fense, ainsi qu\u2019\u00e0 la formation de nouvelles recrues.<\/p>\n<p>Malgr\u00e9 cet effort budg\u00e9taire, les soldats \u2014 en particulier ceux d\u00e9ploy\u00e9s en premi\u00e8re ligne \u2014 continuent de d\u00e9noncer des salaires d\u00e9risoires et des retards r\u00e9currents de paiement. Plusieurs rapports font \u00e9tat d\u2019un d\u00e9tournement syst\u00e9matique des fonds allou\u00e9s, qui, une fois transf\u00e9r\u00e9s depuis Kinshasa, n\u2019atteindraient jamais les provinces de l\u2019est. Des officiers sup\u00e9rieurs sont directement mis en cause dans ces pratiques.<\/p>\n<p>Le mois dernier, le gouvernement a annonc\u00e9 une revalorisation du salaire de base des militaires, d\u00e9sormais fix\u00e9 \u00e0 500 dollars par mois. Toutefois, cette mesure suscite peu d\u2019espoir dans les rangs, tant la crainte est grande de voir les fonds une fois de plus siphonn\u00e9s par des circuits de corruption bien rod\u00e9s.<\/p>\n<p>De nombreux responsables congolais sont r\u00e9guli\u00e8rement accus\u00e9s de corruption, exploitant les failles du syst\u00e8me d\u00e8s qu\u2019une opportunit\u00e9 se pr\u00e9sente pour en tirer un b\u00e9n\u00e9fice personnel. Le ministre de la D\u00e9fense, Guy Kabombo Mudiamvita, n\u2019\u00e9chappe pas \u00e0 ces soup\u00e7ons.<\/p>\n<p>Selon plusieurs acteurs du secteur minier dans l\u2019ex-province du Katanga, d\u00e8s sa nomination \u00e0 la t\u00eate du minist\u00e8re, Mudiamvita et certains de ses proches auraient rapidement pris le contr\u00f4le de plusieurs exploitations mini\u00e8res locales, soulevant de s\u00e9rieuses interrogations sur l\u2019usage de ses fonctions \u00e0 des fins personnelles.<\/p>\n<p>\u00ab On se demandait o\u00f9 passait l\u2019argent, mais la r\u00e9ponse est claire : tout le monde d\u00e9barque \u00e0 Lubumbashi et \u00e0 Kolwezi pour se d\u00e9brouiller. Les ministres ne viennent pas pour nous aider, mais pour prendre leurs enveloppes&#8230; ils viennent pour se servir \u00bb, a confi\u00e9 un acteur local du secteur minier.<\/p>\n<p>Bien que Mudiamvita reconnaisse la part de responsabilit\u00e9 des dirigeants politiques dans les revers militaires, ce sont les soldats de rang inf\u00e9rieur qui en paient le prix. Depuis le d\u00e9but de l\u2019ann\u00e9e 2022, de nombreux militaires accus\u00e9s de d\u00e9sertion ont \u00e9t\u00e9 arr\u00eat\u00e9s.<\/p>\n<p>Jug\u00e9s par des tribunaux militaires dans les provinces du Nord-Kivu et du Sud-Kivu, certains d\u2019entre eux ont \u00e9t\u00e9 condamn\u00e9s \u00e0 mort pour avoir abandonn\u00e9 leur poste au front.<\/p>\n<figure class=\"spip-document spip-document-59931 aligncenter\"><img decoding=\"async\" src=\"https:\/\/fr.igihe.com\/IMG\/jpg\/fa.jpg\" alt=\"Guy Kabombo Mudiamvita a attribu\u00e9 les revers militaires \u00e0 la pr\u00e9carit\u00e9 des conditions de vie des soldats\" \/><\/figure>\n","protected":false},"excerpt":{"rendered":"<p>Le ministre de la D\u00e9fense de la R\u00e9publique d\u00e9mocratique du Congo, Guy Kabombo Mudiamvita, a admis que le gouvernement avait sa part de responsabilit\u00e9 dans la d\u00e9faite de l\u2019arm\u00e9e face \u00e0 l\u2019alliance AFC\/M23.<\/p>\n","protected":false},"author":488,"featured_media":4000059930,"comment_status":"open","ping_status":"open","sticky":false,"template":"","format":"standard","meta":{"footnotes":""},"categories":[7540],"tags":[7605],"byline":[7717],"hashtag":[],"class_list":["post-37360","post","type-post","status-publish","format-standard","has-post-thumbnail","hentry","category-securite","tag-homenews","byline-igihe"],"bylines":[{"id":7717,"name":"IGIHE","slug":"igihe","description":"","image":{"id":0,"url":"https:\/\/secure.gravatar.com\/avatar\/?s=96&d=mm&f=y&r=g","alt":"Default avatar","title":"Default avatar","caption":"","mime_type":"image\/jpeg","sizes":[]},"user_id":393}],"contributors":[{"id":7717,"name":"IGIHE","slug":"igihe","description":"","image":{"id":0,"url":"https:\/\/secure.gravatar.com\/avatar\/?s=96&d=mm&f=y&r=g","alt":"Default avatar","title":"Default avatar","caption":"","mime_type":"image\/jpeg","sizes":[]},"user_id":393}],"featured_image":{"id":4000059930,"url":"https:\/\/fr-images.igihe.com\/IMG\/logo\/fa_cp.jpg","alt":"","caption":"","mime_type":"image\/jpeg","width":0,"height":0,"sizes":{"thumbnail":{"url":"https:\/\/fr-images.igihe.com\/IMG\/logo\/fa_cp.jpg","width":1,"height":1},"medium":{"url":"https:\/\/fr-images.igihe.com\/IMG\/logo\/fa_cp.jpg","width":1,"height":1},"medium_large":{"url":"https:\/\/fr-images.igihe.com\/IMG\/logo\/fa_cp.jpg","width":1,"height":1},"large":{"url":"https:\/\/fr-images.igihe.com\/IMG\/logo\/fa_cp.jpg","width":1,"height":1},"full":{"url":"https:\/\/fr-images.igihe.com\/IMG\/logo\/fa_cp.jpg","width":0,"height":0}}},"_links":{"self":[{"href":"https:\/\/new.igihe.com\/french\/wp-json\/wp\/v2\/posts\/37360","targetHints":{"allow":["GET"]}}],"collection":[{"href":"https:\/\/new.igihe.com\/french\/wp-json\/wp\/v2\/posts"}],"about":[{"href":"https:\/\/new.igihe.com\/french\/wp-json\/wp\/v2\/types\/post"}],"author":[{"embeddable":true,"href":"https:\/\/new.igihe.com\/french\/wp-json\/wp\/v2\/users\/488"}],"replies":[{"embeddable":true,"href":"https:\/\/new.igihe.com\/french\/wp-json\/wp\/v2\/comments?post=37360"}],"version-history":[{"count":0,"href":"https:\/\/new.igihe.com\/french\/wp-json\/wp\/v2\/posts\/37360\/revisions"}],"wp:featuredmedia":[{"embeddable":true,"href":"https:\/\/new.igihe.com\/french\/wp-json\/wp\/v2\/media\/4000059930"}],"wp:attachment":[{"href":"https:\/\/new.igihe.com\/french\/wp-json\/wp\/v2\/media?parent=37360"}],"wp:term":[{"taxonomy":"category","embeddable":true,"href":"https:\/\/new.igihe.com\/french\/wp-json\/wp\/v2\/categories?post=37360"},{"taxonomy":"post_tag","embeddable":true,"href":"https:\/\/new.igihe.com\/french\/wp-json\/wp\/v2\/tags?post=37360"},{"taxonomy":"byline","embeddable":true,"href":"https:\/\/new.igihe.com\/french\/wp-json\/wp\/v2\/byline?post=37360"},{"taxonomy":"hashtag","embeddable":true,"href":"https:\/\/new.igihe.com\/french\/wp-json\/wp\/v2\/hashtag?post=37360"}],"curies":[{"name":"wp","href":"https:\/\/api.w.org\/{rel}","templated":true}]}}