{"id":37357,"date":"2025-04-09T18:35:02","date_gmt":"2025-04-09T18:35:02","guid":{"rendered":"https:\/\/new.igihe.com\/french\/Carl-Wilkens-revient-sur-la-resilience-du-Rwanda-apres-le-genocide-contre-les-37357\/"},"modified":"2025-04-09T18:26:52","modified_gmt":"2025-04-09T18:26:52","slug":"Carl-Wilkens-revient-sur-la-resilience-du-Rwanda-apres-le-genocide-contre-les","status":"publish","type":"post","link":"https:\/\/new.igihe.com\/french\/Carl-Wilkens-revient-sur-la-resilience-du-Rwanda-apres-le-genocide-contre-les\/","title":{"rendered":"Carl Wilkens revient sur la r\u00e9silience du Rwanda apr\u00e8s le g\u00e9nocide contre les Tutsi"},"content":{"rendered":"<p>Il a partag\u00e9 ses r\u00e9flexions lors de la 31e comm\u00e9moration du g\u00e9nocide de 1994 contre les Tutsi, qui s&#8217;est d\u00e9roul\u00e9e le 7 avril 2025, organis\u00e9e par les Rwandais et leurs amis aux \u00c9tats-Unis.<\/p>\n<p>Wilkens a soulign\u00e9 les efforts exceptionnels d\u00e9ploy\u00e9s par le Rwanda pour \u00e9laborer ses propres solutions en mati\u00e8re de justice et de r\u00e9conciliation, mettant en avant des initiatives communautaires telles que les tribunaux Gacaca, qui ont jou\u00e9 un r\u00f4le d\u00e9terminant dans la reconstruction d\u2019une soci\u00e9t\u00e9 profond\u00e9ment marqu\u00e9e par la division.<\/p>\n<p>\u00ab Les tribunaux Gacaca et d\u2019autres m\u00e9thodes de r\u00e9solution des conflits ont mis l&#8217;accent sur la compr\u00e9hension des cons\u00e9quences des \u00e9v\u00e9nements et de leur impact, afin que les citoyens puissent s&#8217;engager collectivement dans le processus de gu\u00e9rison. Ce n&#8217;\u00e9tait ni un acte de vengeance, ni de r\u00e9tribution \u00bb, a-t-il d\u00e9clar\u00e9.<\/p>\n<p>Wilkens a mis en avant la responsabilit\u00e9 assum\u00e9e par de nombreux Rwandais, illustrant ainsi la volont\u00e9 nationale de se transformer profond\u00e9ment.<\/p>\n<p>Lors de l&#8217;\u00e9v\u00e9nement, Troy Fitrell, repr\u00e9sentant du D\u00e9partement d&#8217;\u00c9tat am\u00e9ricain, a r\u00e9affirm\u00e9 l&#8217;engagement des \u00c9tats-Unis \u00e0 soutenir le Rwanda dans sa qu\u00eate de justice, tout en mettant en garde contre les dangers du d\u00e9ni du g\u00e9nocide et des discours de haine.<\/p>\n<p>\u00ab Nous rejetons fermement toute tentative de d\u00e9former l&#8217;histoire \u00e0 des fins politiques. En particulier, nous condamnons vigoureusement toute tentative de nier ou de minimiser le g\u00e9nocide contre les Tutsi \u00bb, a-t-il d\u00e9clar\u00e9.<\/p>\n<p>Il a exhort\u00e9 ceux qui propagent des discours haineux \u00e0 orienter leurs efforts vers la promotion de la paix, plut\u00f4t que de semer la division et d&#8217;inciter \u00e0 la violence.<\/p>\n<p>La 31e comm\u00e9moration du g\u00e9nocide de 1994 contre les Tutsi s\u2019est tenue le 7 avril 2025, organis\u00e9e par les Rwandais et les amis du Rwanda aux \u00c9tats-Unis. Immacul\u00e9e Ilibagiza, survivante du g\u00e9nocide, a livr\u00e9 un t\u00e9moignage poignant et a soulign\u00e9 l&#8217;importance du pardon.<\/p>\n<p>\u00ab Depuis ma survie du g\u00e9nocide de 1994 contre les Tutsi, ma mission est de rappeler \u00e0 chacun que la haine est une menace. Je suis la preuve vivante que l\u00e0 o\u00f9 l&#8217;amour est absent, les gens torturent et tuent leurs voisins. C\u2019est l\u00e0 que la discrimination prend racine \u00bb, a-t-elle d\u00e9clar\u00e9.<\/p>\n<p>Nicole Karekezi, pr\u00e9sidente d&#8217;IBUKA-USA, a soulign\u00e9 l&#8217;importance cruciale d&#8217;employer la terminologie appropri\u00e9e lorsqu&#8217;on \u00e9voque le g\u00e9nocide contre les Tutsi.<\/p>\n<p>\u00ab Il s&#8217;agit du g\u00e9nocide contre les Tutsi de 1994, tel que reconnu par les Nations Unies. Ce n\u2019est pas de la &#8216;violence en Afrique&#8217;, ni un &#8216;conflit ethnique&#8217;, et encore moins &#8216;le g\u00e9nocide contre les Tutsi, les Hutu et les Twa&#8217;. Une telle mauvaise d\u00e9signation d\u00e9forme la r\u00e9alit\u00e9 et ravive nos blessures \u00bb, a-t-elle insist\u00e9.<\/p>\n<p>L&#8217;ambassadrice du Rwanda aux \u00c9tats-Unis, Mathilde Mukantabana, a rappel\u00e9 que le souvenir du g\u00e9nocide contre les Tutsi incombe \u00e0 toute l&#8217;humanit\u00e9, et pas seulement aux survivants.<\/p>\n<p>Par ailleurs, le membre du Congr\u00e8s am\u00e9ricain Tim Welberg a salu\u00e9 le d\u00e9veloppement impressionnant du Rwanda, le qualifiant de symbole d&#8217;espoir, de pardon et de r\u00e9silience.<\/p>\n<p>Les comm\u00e9morations du 31e anniversaire du g\u00e9nocide contre les Tutsi se poursuivront dans plusieurs villes am\u00e9ricaines, organis\u00e9es en collaboration avec les communaut\u00e9s rwandaises et les amis du Rwanda.<\/p>\n<figure class=\"spip-document spip-document-59925 aligncenter\"><img decoding=\"async\" src=\"https:\/\/fr.igihe.com\/IMG\/jpg\/us_1-4.jpg\" alt=\"La 31e comm\u00e9moration du g\u00e9nocide de 1994 contre les Tutsi a eu lieu le 7 avril 2025, organis\u00e9e par les Rwandais et les amis du Rwanda aux \u00c9tats-Unis\" \/><\/figure>\n<figure class=\"spip-document spip-document-59924 aligncenter\"><img decoding=\"async\" src=\"https:\/\/fr.igihe.com\/IMG\/jpg\/us_2-3.jpg\" alt=\"Carl Wilkens, le seul Am\u00e9ricain rest\u00e9 au Rwanda durant le g\u00e9nocide contre les Tutsi, a salu\u00e9 la r\u00e9silience du Rwanda\" \/><\/figure>\n<figure class=\"spip-document spip-document-59922 aligncenter\"><img decoding=\"async\" src=\"https:\/\/fr.igihe.com\/IMG\/jpg\/us_3-2.jpg\" alt=\"Un membre du Congr\u00e8s am\u00e9ricain a \u00e9voqu\u00e9 comment le g\u00e9nocide visait \u00e0 an\u00e9antir compl\u00e8tement les Tutsi, si ce n&#039;\u00e9tait l&#039;intervention de Dieu\" \/><\/figure>\n<figure class=\"spip-document spip-document-59923 aligncenter\"><img decoding=\"async\" src=\"https:\/\/fr.igihe.com\/IMG\/jpg\/us_4-2.jpg\" alt=\"Immacul\u00e9e Ilibagiza, survivante du g\u00e9nocide contre les Tutsi, a soulign\u00e9 l&#039;importance du pardon\" \/><\/figure>\n<figure class=\"spip-document spip-document-59921 aligncenter\"><img decoding=\"async\" src=\"https:\/\/fr.igihe.com\/IMG\/jpg\/us_5-2.jpg\" alt=\"Nicole Karekezi, pr\u00e9sidente d&#039;IBUKA-USA, a insist\u00e9 sur l&#039;importance d&#039;utiliser la terminologie correcte lorsqu&#039;on se r\u00e9f\u00e8re au g\u00e9nocide\" \/><\/figure>\n<figure class=\"spip-document spip-document-59919 aligncenter\"><img decoding=\"async\" src=\"https:\/\/fr.igihe.com\/IMG\/jpg\/us_6.jpg\" alt=\"Le repr\u00e9sentant du D\u00e9partement d&#039;\u00c9tat am\u00e9ricain, a exprim\u00e9 l&#039;engagement de son pays \u00e0 soutenir la qu\u00eate du Rwanda pour la justice\" \/><\/figure>\n<figure class=\"spip-document spip-document-59920 aligncenter\"><img decoding=\"async\" src=\"https:\/\/fr.igihe.com\/IMG\/jpg\/us_7.jpg\" alt=\"\" \/><\/figure>\n","protected":false},"excerpt":{"rendered":"<p>Carl Wilkens, le seul Am\u00e9ricain rest\u00e9 au Rwanda durant le g\u00e9nocide de 1994 contre les Tutsi, a exprim\u00e9 sa profonde admiration pour la r\u00e9silience et la reconstruction remarquable du pays, saluant ses impressionnants progr\u00e8s en mati\u00e8re d&#8217;unit\u00e9 nationale et de r\u00e9conciliation.<\/p>\n","protected":false},"author":488,"featured_media":4000059918,"comment_status":"open","ping_status":"open","sticky":false,"template":"","format":"standard","meta":{"footnotes":""},"categories":[7544],"tags":[7605],"byline":[7717],"hashtag":[],"class_list":["post-37357","post","type-post","status-publish","format-standard","has-post-thumbnail","hentry","category-politique","tag-homenews","byline-igihe"],"bylines":[{"id":7717,"name":"IGIHE","slug":"igihe","description":"","image":{"id":0,"url":"https:\/\/secure.gravatar.com\/avatar\/?s=96&d=mm&f=y&r=g","alt":"Default avatar","title":"Default avatar","caption":"","mime_type":"image\/jpeg","sizes":[]},"user_id":393}],"contributors":[{"id":7717,"name":"IGIHE","slug":"igihe","description":"","image":{"id":0,"url":"https:\/\/secure.gravatar.com\/avatar\/?s=96&d=mm&f=y&r=g","alt":"Default avatar","title":"Default avatar","caption":"","mime_type":"image\/jpeg","sizes":[]},"user_id":393}],"featured_image":{"id":4000059918,"url":"https:\/\/fr-images.igihe.com\/IMG\/logo\/cp-34.jpg","alt":"","caption":"","mime_type":"image\/jpeg","width":0,"height":0,"sizes":{"thumbnail":{"url":"https:\/\/fr-images.igihe.com\/IMG\/logo\/cp-34.jpg","width":1,"height":1},"medium":{"url":"https:\/\/fr-images.igihe.com\/IMG\/logo\/cp-34.jpg","width":1,"height":1},"medium_large":{"url":"https:\/\/fr-images.igihe.com\/IMG\/logo\/cp-34.jpg","width":1,"height":1},"large":{"url":"https:\/\/fr-images.igihe.com\/IMG\/logo\/cp-34.jpg","width":1,"height":1},"full":{"url":"https:\/\/fr-images.igihe.com\/IMG\/logo\/cp-34.jpg","width":0,"height":0}}},"_links":{"self":[{"href":"https:\/\/new.igihe.com\/french\/wp-json\/wp\/v2\/posts\/37357","targetHints":{"allow":["GET"]}}],"collection":[{"href":"https:\/\/new.igihe.com\/french\/wp-json\/wp\/v2\/posts"}],"about":[{"href":"https:\/\/new.igihe.com\/french\/wp-json\/wp\/v2\/types\/post"}],"author":[{"embeddable":true,"href":"https:\/\/new.igihe.com\/french\/wp-json\/wp\/v2\/users\/488"}],"replies":[{"embeddable":true,"href":"https:\/\/new.igihe.com\/french\/wp-json\/wp\/v2\/comments?post=37357"}],"version-history":[{"count":0,"href":"https:\/\/new.igihe.com\/french\/wp-json\/wp\/v2\/posts\/37357\/revisions"}],"wp:featuredmedia":[{"embeddable":true,"href":"https:\/\/new.igihe.com\/french\/wp-json\/wp\/v2\/media\/4000059918"}],"wp:attachment":[{"href":"https:\/\/new.igihe.com\/french\/wp-json\/wp\/v2\/media?parent=37357"}],"wp:term":[{"taxonomy":"category","embeddable":true,"href":"https:\/\/new.igihe.com\/french\/wp-json\/wp\/v2\/categories?post=37357"},{"taxonomy":"post_tag","embeddable":true,"href":"https:\/\/new.igihe.com\/french\/wp-json\/wp\/v2\/tags?post=37357"},{"taxonomy":"byline","embeddable":true,"href":"https:\/\/new.igihe.com\/french\/wp-json\/wp\/v2\/byline?post=37357"},{"taxonomy":"hashtag","embeddable":true,"href":"https:\/\/new.igihe.com\/french\/wp-json\/wp\/v2\/hashtag?post=37357"}],"curies":[{"name":"wp","href":"https:\/\/api.w.org\/{rel}","templated":true}]}}