{"id":37353,"date":"2025-04-09T12:22:03","date_gmt":"2025-04-09T12:22:03","guid":{"rendered":"https:\/\/new.igihe.com\/french\/Joseph-Kabila-signe-son-grand-retour-par-l-Est-de-la-RDC-37353\/"},"modified":"2025-04-10T19:45:40","modified_gmt":"2025-04-10T19:45:40","slug":"Joseph-Kabila-signe-son-grand-retour-par-l-Est-de-la-RDC","status":"publish","type":"post","link":"https:\/\/new.igihe.com\/french\/Joseph-Kabila-signe-son-grand-retour-par-l-Est-de-la-RDC\/","title":{"rendered":"Joseph Kabila signe son grand retour par l&#8217;Est de la RDC"},"content":{"rendered":"<p>Apr\u00e8s une longue travers\u00e9e du silence et une ann\u00e9e d\u2019exil consenti, l\u2019ancien pr\u00e9sident et s\u00e9nateur \u00e0 vie renoue avec la terre natale par sa fa\u00e7ade orientale, dans un geste \u00e0 la fois symbolique et hautement strat\u00e9gique. <\/p>\n<p>Cette r\u00e9apparition, que d\u2019aucuns qualifient d\u00e9j\u00e0 de r\u00e9surgence, r\u00e9veille des \u00e9quilibres politiques pr\u00e9caires et suscite une onde de choc jusqu\u2019aux plus hauts sommets du pouvoir en place. Dans un contexte d\u2019implosion d\u00e9mocratique, o\u00f9 l\u2019autoritarisme se dissimule derri\u00e8re les oripeaux de la l\u00e9galit\u00e9 institutionnelle, ce retour cristallise \u00e0 la fois l\u2019espoir d\u2019un r\u00e9\u00e9quilibrage et la crainte d\u2019une reconfiguration des rapports de force. <\/p>\n<p>Plus qu\u2019un simple come-back, il s\u2019agit d\u2019un acte politique m\u00fbrement r\u00e9fl\u00e9chi, porteur d\u2019une volont\u00e9 manifeste de peser de nouveau sur le destin d\u2019un pays en qu\u00eate de stabilit\u00e9, de justice et de souverainet\u00e9 retrouv\u00e9e.<\/p>\n<p>Apr\u00e8s six ann\u00e9es d\u2019un silence quasi monacal et une ann\u00e9e d\u2019exil volontaire, l\u2019ancien pr\u00e9sident de la R\u00e9publique d\u00e9mocratique du Congo, aujourd\u2019hui s\u00e9nateur \u00e0 vie, Joseph Kabila Kabange, brise enfin le mutisme qui lui \u00e9tait devenu presque l\u00e9gendaire. <\/p>\n<p>Dans une rare prise de parole accord\u00e9e \u00e0 Jeune Afrique, il d\u00e9clare sobrement : \u00ab J\u2019ai pris la r\u00e9solution de rentrer sans d\u00e9lai au pays afin de contribuer \u00e0 la recherche de la solution \u00bb. Une formule concise, certes, mais lourde de sens, r\u00e9v\u00e9lant la volont\u00e9 ferme d\u2019un homme dont le silence avait fini par nourrir les sp\u00e9culations les plus diverses.<\/p>\n<p>Le retour du \u00ab Ra\u00efs \u00bb, comme l\u2019appellent ses partisans, s\u2019op\u00e8re par l\u2019Est du pays \u00ab sa partie orientale \u00bb, selon ses propres termes, une allusion g\u00e9opolitique d\u2019autant plus significative qu\u2019elle n\u2019est pas pr\u00e9cis\u00e9e. <\/p>\n<p>C\u2019est l\u00e0, \u00e0 Goma, ville embl\u00e9matique et strat\u00e9gique, que l\u2019ancien chef de l\u2019\u00c9tat aurait choisi de poser ses valises, selon les confidences d\u2019Olivier Kamitatu, proche collaborateur de Mo\u00efse Katumbi, avec qui Kabila se serait r\u00e9cemment entretenu \u00e0 Addis-Abeba.<\/p>\n<p>Ce choix g\u00e9ographique ne rel\u00e8ve en rien du hasard. Il constitue un acte politique majeur, une d\u00e9claration silencieuse mais retentissante : la r\u00e9solution des crises qui gangr\u00e8nent la RDC ne saurait d\u00e9pendre exclusivement de l\u2019influence des puissances \u00e9trang\u00e8res ou d\u2019un pouvoir central d\u00e9liquescent. La solution, selon Kamitatu, doit \u00e9merger du terreau m\u00eame de la nation, dans un sursaut de souverainet\u00e9 et de responsabilit\u00e9 collective.<\/p>\n<p>Cette r\u00e9apparition de Joseph Kabila sur la sc\u00e8ne politique nationale survient dans un contexte particuli\u00e8rement tendu, marqu\u00e9 par une recrudescence des atteintes aux libert\u00e9s fondamentales, une instrumentalisation pr\u00e9occupante de l\u2019appareil judiciaire et un climat d\u2019intimidation \u00e0 l\u2019encontre des opposants au r\u00e9gime en place. <\/p>\n<p>Il convient de rappeler que l\u2019ancien pr\u00e9sident a, durant son retrait, subi nombre de provocations et de pers\u00e9cutions : sa propre \u00e9pouse a \u00e9t\u00e9 agress\u00e9e \u00e0 deux reprises \u00e0 son domicile par des membres de la \u00ab Force du Progr\u00e8s \u00bb affili\u00e9e \u00e0 l\u2019UDPS, tandis que le mus\u00e9e d\u00e9di\u00e9 \u00e0 la m\u00e9moire de son p\u00e8re, Mzee Laurent-D\u00e9sir\u00e9 Kabila, a \u00e9t\u00e9 vandalis\u00e9 dans l\u2019indiff\u00e9rence des autorit\u00e9s.<\/p>\n<p>Ses proches ont, eux aussi, pay\u00e9 un lourd tribut \u00e0 cette hostilit\u00e9 rampante. Pourtant, malgr\u00e9 ces attaques r\u00e9p\u00e9t\u00e9es et une campagne de diabolisation orchestr\u00e9e par les cercles proches de l\u2019actuel pr\u00e9sident F\u00e9lix Tshisekedi, Joseph Kabila n\u2019a jamais r\u00e9pondu publiquement aux accusations souvent prof\u00e9r\u00e9es \u00e0 son encontre, et dont la vacuit\u00e9 n\u2019a cess\u00e9 de se confirmer par l\u2019absence manifeste de preuves.<\/p>\n<p>Son retour, dans ce contexte de tensions politiques exacerb\u00e9es, risque fort de provoquer des sueurs froides au sein du pouvoir en place, tant il symbolise un possible r\u00e9\u00e9quilibrage des forces. Il pourrait \u00e9galement ouvrir la voie \u00e0 d&#8217;autres figures de l\u2019opposition, contraintes \u00e0 l\u2019exil ou musel\u00e9es par une justice aux ordres. <\/p>\n<p>A ce jour, les autorit\u00e9s de Kinshasa s\u2019ent\u00eatent \u00e0 refuser le renouvellement des passeports de Mo\u00efse Katumbi et d\u2019autres personnalit\u00e9s politiques, une violation manifeste du droit fondamental \u00e0 la libre circulation.<\/p>\n<p>La situation dans la capitale, quant \u00e0 elle, se d\u00e9grade de mani\u00e8re inqui\u00e9tante : les arrestations arbitraires se multiplient, les intimidations deviennent monnaie courante, et la d\u00e9mocratie congolaise, d\u00e9j\u00e0 vacillante, chancelle davantage sous le poids d\u2019une gouvernance autoritaire et d\u2019un pouvoir de plus en plus contest\u00e9.<\/p>\n<p>Le choix de Joseph Kabila de s\u2019\u00e9tablir dans l\u2019Est une r\u00e9gion \u00e0 la fois symbole de souffrance et bastion de r\u00e9sistance ne constitue pas seulement un retour g\u00e9ographique. C\u2019est une posture strat\u00e9gique, une mani\u00e8re de proclamer que l\u2019avenir du Congo ne se joue plus uniquement dans les salons feutr\u00e9s de Kinshasa ou sous les ors des palais pr\u00e9sidentiels, mais bien dans les r\u00e9gions oubli\u00e9es, meurtries et pourtant r\u00e9solument debout.<\/p>\n<p>Par cet acte, l\u2019ancien pr\u00e9sident invite, sans un mot de trop, \u00e0 une profonde introspection nationale. Il incarne la possibilit\u00e9 d\u2019une recomposition politique fond\u00e9e non sur la revanche, mais sur la restauration de l\u2019\u00e9quilibre d\u00e9mocratique. <\/p>\n<p>Et peut-\u00eatre, \u00e0 travers cette d\u00e9marche, ouvre-t-il une br\u00e8che dans laquelle d\u2019autres voix, aujourd\u2019hui r\u00e9duites au silence, pourront s\u2019engouffrer pour b\u00e2tir, ensemble, une RDC r\u00e9concili\u00e9e avec elle-m\u00eame.<\/p>\n<figure class=\"spip-document spip-document-59911 aligncenter\"><img decoding=\"async\" src=\"https:\/\/fr.igihe.com\/IMG\/jpg\/jkb.jpg\" alt=\"Un v\u00e9ritable s\u00e9isme politique secoue la R\u00e9publique D\u00e9mocratique du Congo depuis l\u2019annonce, aussi sobre que fracassante, du retour imminent de Joseph Kabila sur la sc\u00e8ne nationale\" \/><\/figure>\n","protected":false},"excerpt":{"rendered":"<p>Un v\u00e9ritable s\u00e9isme politique secoue la R\u00e9publique D\u00e9mocratique du Congo depuis l\u2019annonce, aussi sobre que fracassante, du retour imminent de Joseph Kabila sur la sc\u00e8ne nationale. <\/p>\n","protected":false},"author":488,"featured_media":4000059910,"comment_status":"open","ping_status":"open","sticky":false,"template":"","format":"standard","meta":{"footnotes":""},"categories":[7544],"tags":[7605],"byline":[9102],"hashtag":[],"class_list":["post-37353","post","type-post","status-publish","format-standard","has-post-thumbnail","hentry","category-politique","tag-homenews","byline-tite-gatabazi"],"bylines":[{"id":9102,"name":"Tite Gatabazi","slug":"tite-gatabazi","description":"","image":{"id":0,"url":"https:\/\/secure.gravatar.com\/avatar\/?s=96&d=mm&f=y&r=g","alt":"Default avatar","title":"Default avatar","caption":"","mime_type":"image\/jpeg","sizes":[]},"user_id":472}],"contributors":[{"id":9102,"name":"Tite Gatabazi","slug":"tite-gatabazi","description":"","image":{"id":0,"url":"https:\/\/secure.gravatar.com\/avatar\/?s=96&d=mm&f=y&r=g","alt":"Default avatar","title":"Default avatar","caption":"","mime_type":"image\/jpeg","sizes":[]},"user_id":472}],"featured_image":{"id":4000059910,"url":"https:\/\/fr-images.igihe.com\/IMG\/logo\/jkb.jpg","alt":"","caption":"","mime_type":"image\/jpeg","width":0,"height":0,"sizes":{"thumbnail":{"url":"https:\/\/fr-images.igihe.com\/IMG\/logo\/jkb.jpg","width":1,"height":1},"medium":{"url":"https:\/\/fr-images.igihe.com\/IMG\/logo\/jkb.jpg","width":1,"height":1},"medium_large":{"url":"https:\/\/fr-images.igihe.com\/IMG\/logo\/jkb.jpg","width":1,"height":1},"large":{"url":"https:\/\/fr-images.igihe.com\/IMG\/logo\/jkb.jpg","width":1,"height":1},"full":{"url":"https:\/\/fr-images.igihe.com\/IMG\/logo\/jkb.jpg","width":0,"height":0}}},"_links":{"self":[{"href":"https:\/\/new.igihe.com\/french\/wp-json\/wp\/v2\/posts\/37353","targetHints":{"allow":["GET"]}}],"collection":[{"href":"https:\/\/new.igihe.com\/french\/wp-json\/wp\/v2\/posts"}],"about":[{"href":"https:\/\/new.igihe.com\/french\/wp-json\/wp\/v2\/types\/post"}],"author":[{"embeddable":true,"href":"https:\/\/new.igihe.com\/french\/wp-json\/wp\/v2\/users\/488"}],"replies":[{"embeddable":true,"href":"https:\/\/new.igihe.com\/french\/wp-json\/wp\/v2\/comments?post=37353"}],"version-history":[{"count":0,"href":"https:\/\/new.igihe.com\/french\/wp-json\/wp\/v2\/posts\/37353\/revisions"}],"wp:featuredmedia":[{"embeddable":true,"href":"https:\/\/new.igihe.com\/french\/wp-json\/wp\/v2\/media\/4000059910"}],"wp:attachment":[{"href":"https:\/\/new.igihe.com\/french\/wp-json\/wp\/v2\/media?parent=37353"}],"wp:term":[{"taxonomy":"category","embeddable":true,"href":"https:\/\/new.igihe.com\/french\/wp-json\/wp\/v2\/categories?post=37353"},{"taxonomy":"post_tag","embeddable":true,"href":"https:\/\/new.igihe.com\/french\/wp-json\/wp\/v2\/tags?post=37353"},{"taxonomy":"byline","embeddable":true,"href":"https:\/\/new.igihe.com\/french\/wp-json\/wp\/v2\/byline?post=37353"},{"taxonomy":"hashtag","embeddable":true,"href":"https:\/\/new.igihe.com\/french\/wp-json\/wp\/v2\/hashtag?post=37353"}],"curies":[{"name":"wp","href":"https:\/\/api.w.org\/{rel}","templated":true}]}}