{"id":37349,"date":"2025-04-09T11:29:08","date_gmt":"2025-04-09T11:29:08","guid":{"rendered":"https:\/\/new.igihe.com\/french\/Le-Premier-ministre-appelle-a-ne-pas-tenir-pour-acquise-la-securite-du-Rwanda-37349\/"},"modified":"2025-04-09T11:28:41","modified_gmt":"2025-04-09T11:28:41","slug":"Le-Premier-ministre-appelle-a-ne-pas-tenir-pour-acquise-la-securite-du-Rwanda","status":"publish","type":"post","link":"https:\/\/new.igihe.com\/french\/Le-Premier-ministre-appelle-a-ne-pas-tenir-pour-acquise-la-securite-du-Rwanda\/","title":{"rendered":"Le Premier ministre appelle \u00e0 ne pas tenir pour acquise la s\u00e9curit\u00e9 du Rwanda"},"content":{"rendered":"<p>C&#8217;est dans le district de Musanze, ce 8 avril 2025, \u00e0 l&#8217;occasion de la 31e comm\u00e9moration du g\u00e9nocide de 1994 contre les Tutsi, que le Premier ministre a fait ces observations.<\/p>\n<p>Accompagn\u00e9 d&#8217;autres responsables et des habitants, le Premier ministre a rendu hommage aux victimes du g\u00e9nocide, massacr\u00e9es dans l&#8217;ex-commune de Mukingo et enterr\u00e9es au M\u00e9morial du g\u00e9nocide de Busogo. Il a r\u00e9confort\u00e9 la communaut\u00e9 locale en assurant que de telles atrocit\u00e9s ne se reproduiront jamais.<\/p>\n<p>Il a soulign\u00e9 l&#8217;importance cruciale de l&#8217;unit\u00e9 pour assurer une paix durable, mettant en avant le fait qu\u2019aujourd&#8217;hui, les citoyens peuvent circuler en toute s\u00e9curit\u00e9 \u00e0 travers le pays \u2014 de Musanze \u00e0 Rusizi, ou de Rusizi \u00e0 Nyagatare \u2014 gr\u00e2ce \u00e0 la s\u00e9curit\u00e9 garantie par le leadership du Pr\u00e9sident Kagame.<\/p>\n<p>\u00ab Je ne peux quitter ce district sans souligner la s\u00e9curit\u00e9 dont nous b\u00e9n\u00e9ficions en tant que pays \u2014 la s\u00e9curit\u00e9 au sein de nos foyers, dans nos communaut\u00e9s et parmi nos voisins. Vivons en harmonie dans nos maisons et dans la soci\u00e9t\u00e9, et prot\u00e9geons la paix de la nation. \u00bb<\/p>\n<p>\u00ab La s\u00e9curit\u00e9 que nous avons n\u2019est pas un acquis. La prendre pour acquise reviendrait \u00e0 l\u2019affaiblir, ce qui finirait par conduire \u00e0 sa disparition. Il est essentiel que nous en soyons tous conscients \u00bb, a-t-il ajout\u00e9.<\/p>\n<p>Le Dr. Ngirente a \u00e9galement mis en garde contre les individus et les entit\u00e9s \u00e9trang\u00e8res tentant de semer la division parmi les Rwandais, appelant \u00e0 une vigilance constante pour emp\u00eacher tout retour \u00e0 l\u2019histoire tragique du pass\u00e9.<\/p>\n<p>\u00ab Nous ne permettrons aucune menace \u00e0 la s\u00e9curit\u00e9 de notre pays, et nous ne tol\u00e9rerons rien qui puisse nous replonger dans la tragique histoire du g\u00e9nocide contre les Tutsi \u00bb, a-t-il affirm\u00e9.<\/p>\n<p>Le Premier ministre a rappel\u00e9 que la p\u00e9riode de comm\u00e9moration est \u00e9galement l&#8217;occasion d\u2019exprimer notre gratitude envers l&#8217;ancienne Arm\u00e9e patriotique rwandaise (APR-Inkotanyi), qui a mis fin au g\u00e9nocide.<\/p>\n<p>\u00ab Les honorer, c&#8217;est \u00e9galement remplir notre devoir de construire un Rwanda meilleur pour l&#8217;avenir, ce qui implique de rejeter fermement toute tentative de nous entra\u00eener sur une voie qui pourrait conduire \u00e0 un nouveau g\u00e9nocide \u00bb, a-t-il ajout\u00e9.<\/p>\n<p>Il a \u00e9galement soulign\u00e9 que la comm\u00e9moration est un moment propice \u00e0 la r\u00e9flexion sur l\u2019histoire douloureuse du pays et \u00e0 la consolidation de l&#8217;unit\u00e9 nationale, tout en rejetant fermement toute id\u00e9ologie susceptible de mener \u00e0 la r\u00e9p\u00e9tition de ces heures sombres.<\/p>\n<p>Le Dr. Ngirente a appel\u00e9 la jeunesse \u00e0 se dresser contre l\u2019id\u00e9ologie du g\u00e9nocide et ceux qui la propagent.<\/p>\n<p>&#8220;La responsabilit\u00e9 de nos jeunes d\u00e9pend grandement de nous, parents,&#8221; a affirm\u00e9 le Premier ministre. &#8220;Quelles valeurs rwandaises d&#8217;harmonie leur inculquons-nous \u00e0 la maison ? C&#8217;est ainsi que nous devons les \u00e9lever.&#8221;, soulignant l&#8217;importance d\u2019efforts conjoints \u2014 de la part des parents, des enseignants et du gouvernement \u2014 pour \u00e9lever une g\u00e9n\u00e9ration pleinement engag\u00e9e pour la paix et l&#8217;unit\u00e9.<\/p>\n<p>\u00ab Si nous y parvenons, le Rwanda restera un pays pacifique, exempt de divisions et de g\u00e9nocide \u00bb, a-t-il conclu.<\/p>\n<p>La 31e comm\u00e9moration du g\u00e9nocide contre les Tutsi a d\u00e9but\u00e9 officiellement le 7 avril et se poursuivra pendant 100 jours.<\/p>\n","protected":false},"excerpt":{"rendered":"<p>Le Premier ministre Dr. \u00c9douard Ngirente a soulign\u00e9 que la s\u00e9curit\u00e9 du Rwanda r\u00e9sulte du leadership du Pr\u00e9sident Kagame, appelant les Rwandais \u00e0 ne pas prendre cette s\u00e9curit\u00e9 pour acquise et \u00e0 maintenir l&#8217;unit\u00e9 comme priorit\u00e9.<\/p>\n","protected":false},"author":488,"featured_media":4000059906,"comment_status":"open","ping_status":"open","sticky":false,"template":"","format":"standard","meta":{"footnotes":""},"categories":[7544],"tags":[7605],"byline":[7717],"hashtag":[],"class_list":["post-37349","post","type-post","status-publish","format-standard","has-post-thumbnail","hentry","category-politique","tag-homenews","byline-igihe"],"bylines":[{"id":7717,"name":"IGIHE","slug":"igihe","description":"","image":{"id":0,"url":"https:\/\/secure.gravatar.com\/avatar\/?s=96&d=mm&f=y&r=g","alt":"Default avatar","title":"Default avatar","caption":"","mime_type":"image\/jpeg","sizes":[]},"user_id":393}],"contributors":[{"id":7717,"name":"IGIHE","slug":"igihe","description":"","image":{"id":0,"url":"https:\/\/secure.gravatar.com\/avatar\/?s=96&d=mm&f=y&r=g","alt":"Default avatar","title":"Default avatar","caption":"","mime_type":"image\/jpeg","sizes":[]},"user_id":393}],"featured_image":{"id":4000059906,"url":"https:\/\/fr-images.igihe.com\/IMG\/logo\/pm_2_cp-2.jpg","alt":"","caption":"","mime_type":"image\/jpeg","width":0,"height":0,"sizes":{"thumbnail":{"url":"https:\/\/fr-images.igihe.com\/IMG\/logo\/pm_2_cp-2.jpg","width":1,"height":1},"medium":{"url":"https:\/\/fr-images.igihe.com\/IMG\/logo\/pm_2_cp-2.jpg","width":1,"height":1},"medium_large":{"url":"https:\/\/fr-images.igihe.com\/IMG\/logo\/pm_2_cp-2.jpg","width":1,"height":1},"large":{"url":"https:\/\/fr-images.igihe.com\/IMG\/logo\/pm_2_cp-2.jpg","width":1,"height":1},"full":{"url":"https:\/\/fr-images.igihe.com\/IMG\/logo\/pm_2_cp-2.jpg","width":0,"height":0}}},"_links":{"self":[{"href":"https:\/\/new.igihe.com\/french\/wp-json\/wp\/v2\/posts\/37349","targetHints":{"allow":["GET"]}}],"collection":[{"href":"https:\/\/new.igihe.com\/french\/wp-json\/wp\/v2\/posts"}],"about":[{"href":"https:\/\/new.igihe.com\/french\/wp-json\/wp\/v2\/types\/post"}],"author":[{"embeddable":true,"href":"https:\/\/new.igihe.com\/french\/wp-json\/wp\/v2\/users\/488"}],"replies":[{"embeddable":true,"href":"https:\/\/new.igihe.com\/french\/wp-json\/wp\/v2\/comments?post=37349"}],"version-history":[{"count":0,"href":"https:\/\/new.igihe.com\/french\/wp-json\/wp\/v2\/posts\/37349\/revisions"}],"wp:featuredmedia":[{"embeddable":true,"href":"https:\/\/new.igihe.com\/french\/wp-json\/wp\/v2\/media\/4000059906"}],"wp:attachment":[{"href":"https:\/\/new.igihe.com\/french\/wp-json\/wp\/v2\/media?parent=37349"}],"wp:term":[{"taxonomy":"category","embeddable":true,"href":"https:\/\/new.igihe.com\/french\/wp-json\/wp\/v2\/categories?post=37349"},{"taxonomy":"post_tag","embeddable":true,"href":"https:\/\/new.igihe.com\/french\/wp-json\/wp\/v2\/tags?post=37349"},{"taxonomy":"byline","embeddable":true,"href":"https:\/\/new.igihe.com\/french\/wp-json\/wp\/v2\/byline?post=37349"},{"taxonomy":"hashtag","embeddable":true,"href":"https:\/\/new.igihe.com\/french\/wp-json\/wp\/v2\/hashtag?post=37349"}],"curies":[{"name":"wp","href":"https:\/\/api.w.org\/{rel}","templated":true}]}}