{"id":37347,"date":"2025-04-09T10:15:12","date_gmt":"2025-04-09T10:15:12","guid":{"rendered":"https:\/\/new.igihe.com\/french\/Massad-Boulos-reaffirme-l-engagement-des-Etats-Unis-pour-une-paix-durable-dans-37347\/"},"modified":"2025-04-09T10:14:23","modified_gmt":"2025-04-09T10:14:23","slug":"Massad-Boulos-reaffirme-l-engagement-des-Etats-Unis-pour-une-paix-durable-dans","status":"publish","type":"post","link":"https:\/\/new.igihe.com\/french\/Massad-Boulos-reaffirme-l-engagement-des-Etats-Unis-pour-une-paix-durable-dans\/","title":{"rendered":"Massad Boulos r\u00e9affirme l&#8217;engagement des \u00c9tats-Unis pour une paix durable dans l&#8217;est de la RDC"},"content":{"rendered":"<p>Le conflit qui secoue l\u2019est de la RDC depuis pr\u00e8s de trois d\u00e9cennies continue de nourrir de vives tensions entre la RDC et le Rwanda. Kinshasa accuse Kigali de soutenir le groupe rebelle M23 dans ses affrontements contre l\u2019arm\u00e9e congolaise \u2014 une all\u00e9gation que le Rwanda a toujours fermement d\u00e9mentie.<\/p>\n<p>De son c\u00f4t\u00e9, le Rwanda reproche \u00e0 la RDC de coop\u00e9rer avec les Forces d\u00e9mocratiques de lib\u00e9ration du Rwanda (FDLR), un groupe qualifi\u00e9 de terroriste, compos\u00e9 d\u2019\u00e9l\u00e9ments impliqu\u00e9s dans le g\u00e9nocide perp\u00e9tr\u00e9 contre les Tutsi en 1994, et responsable de plusieurs attaques men\u00e9es sur le territoire rwandais au fil des ann\u00e9es.<\/p>\n<p>Une avanc\u00e9e notable dans le processus de paix a \u00e9t\u00e9 enregistr\u00e9e le 18 mars dernier, lorsque les pr\u00e9sidents F\u00e9lix Tshisekedi et Paul Kagame se sont rencontr\u00e9s \u00e0 Doha pour explorer des pistes de sortie de crise.<\/p>\n<p>\u00c0 l\u2019issue de son entretien avec le Pr\u00e9sident Kagame, Massad Boulos a pr\u00e9sent\u00e9 la vision d\u2019un partenariat renforc\u00e9 entre les \u00c9tats-Unis et le Rwanda, articul\u00e9 autour de trois piliers essentiels : la stabilit\u00e9 r\u00e9gionale, la paix et le d\u00e9veloppement \u00e9conomique.<\/p>\n<p>\u00ab\u202fNous soutenons pleinement la s\u00e9curit\u00e9 et l\u2019int\u00e9grit\u00e9 territoriale de tous les \u00c9tats de cette r\u00e9gion. De nombreuses entreprises am\u00e9ricaines sont d\u00e9j\u00e0 implant\u00e9es au Rwanda, un pays dont le gouvernement ambitionne de devenir un moteur \u00e9conomique r\u00e9gional, avec une population mobilis\u00e9e pour concr\u00e9tiser cette vision,\u202f\u00bb a-t-il d\u00e9clar\u00e9.<\/p>\n<p>Il a soulign\u00e9 que les \u00c9tats-Unis se tiennent pr\u00eats \u00e0 accompagner le Rwanda dans la concr\u00e9tisation de cette ambition. \u00ab\u202fC\u2019est pourquoi il est imp\u00e9ratif de parvenir \u00e0 une solution durable au conflit dans l\u2019est de la RDC : une telle issue permettrait de lib\u00e9rer le potentiel consid\u00e9rable, mais encore largement inexploit\u00e9, de toute la r\u00e9gion. Au cours de nos \u00e9changes, le Pr\u00e9sident Kagame a r\u00e9affirm\u00e9 son engagement r\u00e9solu en faveur de cette vision de paix,\u202f\u00bb a-t-il ajout\u00e9.<\/p>\n<p>Massad Boulos a \u00e9galement r\u00e9affirm\u00e9 l\u2019engagement des \u00c9tats-Unis \u00e0 contribuer activement \u00e0 la r\u00e9solution de cette crise.<\/p>\n<p>\u00ab\u202fJe peux confirmer, sans \u00e9quivoque, que les \u00c9tats-Unis demeurent pleinement engag\u00e9s dans cet effort et sont pr\u00eats \u00e0 faciliter une issue pacifique au conflit \u2014 une issue qui garantisse la s\u00e9curit\u00e9 des fronti\u00e8res nationales et jette les fondations d\u2019une \u00e9conomie r\u00e9gionale dynamique et prosp\u00e8re,\u202f\u00bb a-t-il d\u00e9clar\u00e9.<\/p>\n<p>Boulos a soulign\u00e9 l\u2019urgence d\u2019une solution durable : \u00ab\u202fCe conflit, en particulier, perdure depuis pr\u00e8s de trente ans. Il est plus que temps d\u2019y mettre un terme, et de mani\u00e8re pacifique. Les populations de cette r\u00e9gion \u2014 des Grands Lacs, de la RDC, du Rwanda \u2014 m\u00e9ritent bien mieux. Nous avons assist\u00e9 \u00e0 la perte de centaines de milliers de vies, \u00e0 des d\u00e9placements massifs de populations, et \u00e0 des souffrances qui n\u2019ont que trop dur\u00e9. Il est temps d\u2019y mettre fin,\u202f\u00bb a-t-il conclu avec gravit\u00e9.<\/p>\n<p>La visite de Massad Boulos \u00e0 Kigali s&#8217;inscrit dans le cadre d&#8217;une mission diplomatique en Afrique, qui a d\u00e9j\u00e0 inclus des entretiens avec les pr\u00e9sidents F\u00e9lix Tshisekedi (RDC), William Ruto (Kenya) et Yoweri Museveni (Ouganda).<\/p>\n<figure class=\"spip-document spip-document-59893 aligncenter\"><img decoding=\"async\" src=\"https:\/\/fr.igihe.com\/IMG\/jpg\/mb-2.jpg\" alt=\"Massad Boulos a r\u00e9affirm\u00e9 la volont\u00e9 de son pays de s\u2019impliquer dans la recherche d\u2019une solution \u00e0 la crise en RDC\" \/><\/figure>\n","protected":false},"excerpt":{"rendered":"<p>S\u2019exprimant \u00e0 l\u2019issue de sa rencontre avec le Pr\u00e9sident Paul Kagame, ce mardi 8 avril 2025, Massad Boulos, conseiller principal des \u00c9tats-Unis pour l\u2019Afrique, en tourn\u00e9e diplomatique dans la r\u00e9gion des Grands Lacs, a r\u00e9affirm\u00e9 la volont\u00e9 de son pays de s\u2019impliquer activement dans la recherche d\u2019une solution durable \u00e0 la crise persistante dans l\u2019est de la R\u00e9publique d\u00e9mocratique du Congo.<\/p>\n","protected":false},"author":488,"featured_media":4000059892,"comment_status":"open","ping_status":"open","sticky":false,"template":"","format":"standard","meta":{"footnotes":""},"categories":[7544],"tags":[7605],"byline":[9865],"hashtag":[],"class_list":["post-37347","post","type-post","status-publish","format-standard","has-post-thumbnail","hentry","category-politique","tag-homenews","byline-alain-bertrand-tunezerwe"],"bylines":[{"id":9865,"name":"Alain Bertrand Tunezerwe","slug":"alain-bertrand-tunezerwe","description":"","image":{"id":0,"url":"https:\/\/secure.gravatar.com\/avatar\/?s=96&d=mm&f=y&r=g","alt":"Default avatar","title":"Default avatar","caption":"","mime_type":"image\/jpeg","sizes":[]},"user_id":452}],"contributors":[{"id":9865,"name":"Alain Bertrand Tunezerwe","slug":"alain-bertrand-tunezerwe","description":"","image":{"id":0,"url":"https:\/\/secure.gravatar.com\/avatar\/?s=96&d=mm&f=y&r=g","alt":"Default avatar","title":"Default avatar","caption":"","mime_type":"image\/jpeg","sizes":[]},"user_id":452}],"featured_image":{"id":4000059892,"url":"https:\/\/fr-images.igihe.com\/IMG\/logo\/mb_cp-3.jpg","alt":"","caption":"","mime_type":"image\/jpeg","width":0,"height":0,"sizes":{"thumbnail":{"url":"https:\/\/fr-images.igihe.com\/IMG\/logo\/mb_cp-3.jpg","width":1,"height":1},"medium":{"url":"https:\/\/fr-images.igihe.com\/IMG\/logo\/mb_cp-3.jpg","width":1,"height":1},"medium_large":{"url":"https:\/\/fr-images.igihe.com\/IMG\/logo\/mb_cp-3.jpg","width":1,"height":1},"large":{"url":"https:\/\/fr-images.igihe.com\/IMG\/logo\/mb_cp-3.jpg","width":1,"height":1},"full":{"url":"https:\/\/fr-images.igihe.com\/IMG\/logo\/mb_cp-3.jpg","width":0,"height":0}}},"_links":{"self":[{"href":"https:\/\/new.igihe.com\/french\/wp-json\/wp\/v2\/posts\/37347","targetHints":{"allow":["GET"]}}],"collection":[{"href":"https:\/\/new.igihe.com\/french\/wp-json\/wp\/v2\/posts"}],"about":[{"href":"https:\/\/new.igihe.com\/french\/wp-json\/wp\/v2\/types\/post"}],"author":[{"embeddable":true,"href":"https:\/\/new.igihe.com\/french\/wp-json\/wp\/v2\/users\/488"}],"replies":[{"embeddable":true,"href":"https:\/\/new.igihe.com\/french\/wp-json\/wp\/v2\/comments?post=37347"}],"version-history":[{"count":0,"href":"https:\/\/new.igihe.com\/french\/wp-json\/wp\/v2\/posts\/37347\/revisions"}],"wp:featuredmedia":[{"embeddable":true,"href":"https:\/\/new.igihe.com\/french\/wp-json\/wp\/v2\/media\/4000059892"}],"wp:attachment":[{"href":"https:\/\/new.igihe.com\/french\/wp-json\/wp\/v2\/media?parent=37347"}],"wp:term":[{"taxonomy":"category","embeddable":true,"href":"https:\/\/new.igihe.com\/french\/wp-json\/wp\/v2\/categories?post=37347"},{"taxonomy":"post_tag","embeddable":true,"href":"https:\/\/new.igihe.com\/french\/wp-json\/wp\/v2\/tags?post=37347"},{"taxonomy":"byline","embeddable":true,"href":"https:\/\/new.igihe.com\/french\/wp-json\/wp\/v2\/byline?post=37347"},{"taxonomy":"hashtag","embeddable":true,"href":"https:\/\/new.igihe.com\/french\/wp-json\/wp\/v2\/hashtag?post=37347"}],"curies":[{"name":"wp","href":"https:\/\/api.w.org\/{rel}","templated":true}]}}