{"id":37345,"date":"2025-04-08T17:48:54","date_gmt":"2025-04-08T17:48:54","guid":{"rendered":"https:\/\/new.igihe.com\/french\/Le-president-de-la-CUA-exhorte-la-communaute-internationale-a-prevenir-la-37345\/"},"modified":"2025-04-08T17:44:49","modified_gmt":"2025-04-08T17:44:49","slug":"Le-president-de-la-CUA-exhorte-la-communaute-internationale-a-prevenir-la","status":"publish","type":"post","link":"https:\/\/new.igihe.com\/french\/Le-president-de-la-CUA-exhorte-la-communaute-internationale-a-prevenir-la\/","title":{"rendered":"Le pr\u00e9sident de la CUA exhorte la communaut\u00e9 internationale \u00e0 pr\u00e9venir la r\u00e9p\u00e9tition du g\u00e9nocide"},"content":{"rendered":"<p>L&#8217;appel a \u00e9t\u00e9 lanc\u00e9 ce 7 avril 2025, \u00e0 l\u2019occasion de la Journ\u00e9e internationale annuelle de comm\u00e9moration du g\u00e9nocide perp\u00e9tr\u00e9 contre les Tutsi, qui a co\u00fbt\u00e9 la vie \u00e0 plus d\u2019un million de personnes en \u00e0 peine trois mois.<\/p>\n<p>Mahmoud Ali Youssouf a salu\u00e9 les avanc\u00e9es remarquables du Rwanda depuis cette trag\u00e9die, soulignant qu\u2019elles constituent un mod\u00e8le exemplaire de r\u00e9silience et de reconstruction pour les nations confront\u00e9es \u00e0 des drames similaires.<\/p>\n<p>Il a exprim\u00e9 sa profonde douleur face au fait que plus d\u2019un million de Tutsi aient \u00e9t\u00e9 extermin\u00e9s en 1994 uniquement en raison de leur identit\u00e9 ethnique \u2014 une trag\u00e9die qui r\u00e9v\u00e8le l\u2019ampleur de la cruaut\u00e9 que l\u2019homme peut infliger \u00e0 son semblable. Il a soulign\u00e9 l\u2019urgence et la n\u00e9cessit\u00e9 absolue de mettre en place des m\u00e9canismes efficaces de pr\u00e9vention afin que de telles atrocit\u00e9s ne se reproduisent jamais.<\/p>\n<p>Il a rappel\u00e9 que le g\u00e9nocide contre les Tutsi s\u2019inscrivait dans une r\u00e9p\u00e9tition tragique de l\u2019histoire, faisant suite \u00e0 d\u2019autres g\u00e9nocides eux aussi provoqu\u00e9s par une gouvernance d\u00e9faillante, des manipulations politiques et des tensions ethniques.<\/p>\n<p>Malgr\u00e9 ces pages sombres de son histoire, il a salu\u00e9 la remarquable capacit\u00e9 du Rwanda \u00e0 se relever, \u00e0 se reconstruire et \u00e0 engager un processus de d\u00e9veloppement exemplaire.<\/p>\n<p>\u00ab Il y a quelques jours \u00e0 peine, je revenais du Rwanda, o\u00f9 j\u2019ai pris part \u00e0 une conf\u00e9rence internationale sur l\u2019intelligence artificielle. Trente ans apr\u00e8s le g\u00e9nocide contre les Tutsi, le Rwanda s\u2019affirme aujourd\u2019hui comme un mod\u00e8le de transformation pour l\u2019Afrique. Les progr\u00e8s qu\u2019il a r\u00e9alis\u00e9s sont v\u00e9ritablement impressionnants \u00bb, a-t-il d\u00e9clar\u00e9.<\/p>\n<p>Tout en reconnaissant la douleur encore vive du pass\u00e9, il a soulign\u00e9 que le devoir de m\u00e9moire reste fondamental pour pr\u00e9venir la r\u00e9apparition de telles trag\u00e9dies. Il a insist\u00e9 sur l&#8217;importance du respect de l&#8217;\u00c9tat de droit, de la promotion de la dignit\u00e9 humaine et du r\u00f4le actif que doit jouer l\u2019Union africaine dans cet effort collectif.<\/p>\n<p>Il a mis en garde contre les dangers d\u2019une m\u00e9moire d\u00e9faillante et d\u2019un engagement international sans suite, rappelant que l\u2019inaction face aux signaux d\u2019alerte peut conduire \u00e0 la r\u00e9p\u00e9tition des pires drames de l\u2019histoire.<\/p>\n<p>\u00ab Apr\u00e8s les catastrophes des ann\u00e9es 1930 et 1940, les nations du monde se sont unies pour instaurer la paix et faire face aux grands d\u00e9fis globaux. Pourtant, le g\u00e9nocide contre les Tutsi au Rwanda a cruellement r\u00e9v\u00e9l\u00e9 l\u2019\u00e9chec de la communaut\u00e9 internationale \u00e0 honorer ses promesses. C\u2019est pourquoi nous devons demeurer vigilants, agir promptement et nous tenir pr\u00eats \u00e0 emp\u00eacher toute r\u00e9surgence de telles atrocit\u00e9s \u00bb, a-t-il d\u00e9clar\u00e9.<\/p>\n<p>Enfin, au nom de la Commission de l\u2019Union africaine, Mahmoud Ali Youssouf a exprim\u00e9 sa pleine et enti\u00e8re solidarit\u00e9  avec le Rwanda, ses dirigeants et l\u2019ensemble de son peuple, \u00e0 l\u2019occasion de la 31\u1d49 comm\u00e9moration du g\u00e9nocide contre les Tutsi. Il a r\u00e9affirm\u00e9 l\u2019engagement ind\u00e9fectible de l\u2019Union africaine \u00e0 \u0153uvrer pour que de telles trag\u00e9dies ne se reproduisent plus, ni en Afrique ni ailleurs dans le monde.<\/p>\n<figure class=\"spip-document spip-document-59888 aligncenter\"><img decoding=\"async\" src=\"https:\/\/fr.igihe.com\/IMG\/jpg\/c-6.jpg\" alt=\"Le Pr\u00e9sident de la CUA a exhort\u00e9 la communaut\u00e9 internationale \u00e0 une vigilance accrue pour pr\u00e9venir la r\u00e9p\u00e9tition de trag\u00e9dies, \u00e0 l\u2019image du g\u00e9nocide contre les Tutsi\" \/><\/figure>\n","protected":false},"excerpt":{"rendered":"<p>Le Pr\u00e9sident de la Commission de l\u2019Union africaine (CUA), Mahmoud Ali Youssouf, a exhort\u00e9 la communaut\u00e9 internationale \u00e0 une vigilance accrue pour pr\u00e9venir la r\u00e9p\u00e9tition des trag\u00e9dies du pass\u00e9, \u00e0 l\u2019image du g\u00e9nocide contre les Tutsi en 1994.<\/p>\n","protected":false},"author":488,"featured_media":4000059885,"comment_status":"open","ping_status":"open","sticky":false,"template":"","format":"standard","meta":{"footnotes":""},"categories":[7544],"tags":[7605],"byline":[9865],"hashtag":[],"class_list":["post-37345","post","type-post","status-publish","format-standard","has-post-thumbnail","hentry","category-politique","tag-homenews","byline-alain-bertrand-tunezerwe"],"bylines":[{"id":9865,"name":"Alain Bertrand Tunezerwe","slug":"alain-bertrand-tunezerwe","description":"","image":{"id":0,"url":"https:\/\/secure.gravatar.com\/avatar\/?s=96&d=mm&f=y&r=g","alt":"Default avatar","title":"Default avatar","caption":"","mime_type":"image\/jpeg","sizes":[]},"user_id":452}],"contributors":[{"id":9865,"name":"Alain Bertrand Tunezerwe","slug":"alain-bertrand-tunezerwe","description":"","image":{"id":0,"url":"https:\/\/secure.gravatar.com\/avatar\/?s=96&d=mm&f=y&r=g","alt":"Default avatar","title":"Default avatar","caption":"","mime_type":"image\/jpeg","sizes":[]},"user_id":452}],"featured_image":{"id":4000059885,"url":"https:\/\/fr-images.igihe.com\/IMG\/logo\/cua_cp.jpg","alt":"","caption":"","mime_type":"image\/jpeg","width":0,"height":0,"sizes":{"thumbnail":{"url":"https:\/\/fr-images.igihe.com\/IMG\/logo\/cua_cp.jpg","width":1,"height":1},"medium":{"url":"https:\/\/fr-images.igihe.com\/IMG\/logo\/cua_cp.jpg","width":1,"height":1},"medium_large":{"url":"https:\/\/fr-images.igihe.com\/IMG\/logo\/cua_cp.jpg","width":1,"height":1},"large":{"url":"https:\/\/fr-images.igihe.com\/IMG\/logo\/cua_cp.jpg","width":1,"height":1},"full":{"url":"https:\/\/fr-images.igihe.com\/IMG\/logo\/cua_cp.jpg","width":0,"height":0}}},"_links":{"self":[{"href":"https:\/\/new.igihe.com\/french\/wp-json\/wp\/v2\/posts\/37345","targetHints":{"allow":["GET"]}}],"collection":[{"href":"https:\/\/new.igihe.com\/french\/wp-json\/wp\/v2\/posts"}],"about":[{"href":"https:\/\/new.igihe.com\/french\/wp-json\/wp\/v2\/types\/post"}],"author":[{"embeddable":true,"href":"https:\/\/new.igihe.com\/french\/wp-json\/wp\/v2\/users\/488"}],"replies":[{"embeddable":true,"href":"https:\/\/new.igihe.com\/french\/wp-json\/wp\/v2\/comments?post=37345"}],"version-history":[{"count":0,"href":"https:\/\/new.igihe.com\/french\/wp-json\/wp\/v2\/posts\/37345\/revisions"}],"wp:featuredmedia":[{"embeddable":true,"href":"https:\/\/new.igihe.com\/french\/wp-json\/wp\/v2\/media\/4000059885"}],"wp:attachment":[{"href":"https:\/\/new.igihe.com\/french\/wp-json\/wp\/v2\/media?parent=37345"}],"wp:term":[{"taxonomy":"category","embeddable":true,"href":"https:\/\/new.igihe.com\/french\/wp-json\/wp\/v2\/categories?post=37345"},{"taxonomy":"post_tag","embeddable":true,"href":"https:\/\/new.igihe.com\/french\/wp-json\/wp\/v2\/tags?post=37345"},{"taxonomy":"byline","embeddable":true,"href":"https:\/\/new.igihe.com\/french\/wp-json\/wp\/v2\/byline?post=37345"},{"taxonomy":"hashtag","embeddable":true,"href":"https:\/\/new.igihe.com\/french\/wp-json\/wp\/v2\/hashtag?post=37345"}],"curies":[{"name":"wp","href":"https:\/\/api.w.org\/{rel}","templated":true}]}}