{"id":37343,"date":"2025-04-08T16:47:48","date_gmt":"2025-04-08T16:47:48","guid":{"rendered":"https:\/\/new.igihe.com\/french\/Les-casques-bleus-rwandais-commemorent-le-genocide-contre-les-Tutsi-de-1994-37343\/"},"modified":"2025-04-08T16:45:18","modified_gmt":"2025-04-08T16:45:18","slug":"Les-casques-bleus-rwandais-commemorent-le-genocide-contre-les-Tutsi-de-1994","status":"publish","type":"post","link":"https:\/\/new.igihe.com\/french\/Les-casques-bleus-rwandais-commemorent-le-genocide-contre-les-Tutsi-de-1994\/","title":{"rendered":"Les casques bleus rwandais comm\u00e9morent le g\u00e9nocide contre les Tutsi de 1994"},"content":{"rendered":"<p>La comm\u00e9moration a \u00e9t\u00e9 marqu\u00e9e par une marche du souvenir, un moment de recueillement et l\u2019allumage symbolique de la flamme du souvenir, en hommage aux plus d\u2019un million de vies perdues lors du g\u00e9nocide perp\u00e9tr\u00e9 contre les Tutsi en 1994.<\/p>\n<p>Au Soudan du Sud, la c\u00e9r\u00e9monie s\u2019est d\u00e9roul\u00e9e au camp de base de la RWANBATT-3 de la MINUSS, situ\u00e9 \u00e0 Durupi, dans l\u2019\u00c9tat d\u2019\u00c9quatoria central, en p\u00e9riph\u00e9rie de Juba. Y ont pris part des repr\u00e9sentants du gouvernement sud-soudanais, des membres de la composante militaire de la MINUSS, des repr\u00e9sentants des agences des Nations Unies, des membres de la communaut\u00e9 rwandaise ainsi que des casques bleus.<\/p>\n<p>Invit\u00e9 d\u2019honneur et pr\u00e9sident de la communaut\u00e9 rwandaise au Soudan du Sud, M. William Ngabonziza a soulign\u00e9, dans son discours, la transformation remarquable du Rwanda depuis 1994, le pays \u00e9tant pass\u00e9 des horreurs du g\u00e9nocide \u00e0 un mod\u00e8le d\u2019espoir, de r\u00e9silience et de reconstruction nationale.<\/p>\n<p>Il a ajout\u00e9 que le Rwanda avait r\u00e9alis\u00e9 des progr\u00e8s significatifs en mati\u00e8re de r\u00e9conciliation, de reconstruction et de d\u00e9veloppement socio-\u00e9conomique, rendus possibles gr\u00e2ce \u00e0 un leadership visionnaire et \u00e0 l\u2019engagement collectif de sa population. Il a soulign\u00e9 que le chemin parcouru par le pays vers l\u2019unit\u00e9 et la paix t\u00e9moigne de la r\u00e9silience du peuple rwandais, ainsi que de la force du pardon et de la r\u00e9conciliation.<\/p>\n<p>Par ailleurs, M. Ngabonziza a exprim\u00e9 son regret face \u00e0 l\u2019inaction de la communaut\u00e9 internationale au moment o\u00f9 les Rwandais avaient le plus besoin de leur protection, lan\u00e7ant un appel solennel pour que de telles atrocit\u00e9s ne se reproduisent jamais, nulle part dans le monde.<\/p>\n<p>D\u2019autres c\u00e9r\u00e9monies comm\u00e9moratives ont \u00e9galement \u00e9t\u00e9 organis\u00e9es par la communaut\u00e9 rwandaise et les contingents de casques bleus dans plusieurs villes du Soudan du Sud, notamment \u00e0 Malakal, Torit, Yambio, Kuajok, Bentiu, Bor et Rumbek.<\/p>\n<p>En R\u00e9publique centrafricaine, les casques bleus rwandais \u2014 notamment ceux du Rwanda Battle Group VII, de l\u2019h\u00f4pital de niveau 2 bas\u00e9 \u00e0 Bria, et du contingent RWANBATT-2 \u00e0 Bossembele \u2014 ont comm\u00e9mor\u00e9 le 31\u1d49 anniversaire du g\u00e9nocide perp\u00e9tr\u00e9 contre les Tutsi en 1994. Les c\u00e9r\u00e9monies ont eu lieu dans les camps de base de Bria et de Bossembele, en pr\u00e9sence de repr\u00e9sentants des Nations Unies, d\u2019autorit\u00e9s locales ainsi que de membres de la population locale.<\/p>\n<p>Parmi les personnalit\u00e9s pr\u00e9sentes figuraient la sous-pr\u00e9f\u00e8te de la localit\u00e9, Madame Nakomana B\u00e9atrice, le maire de Bossembele, ainsi que les commandants des forces de s\u00e9curit\u00e9 locales.<\/p>\n<p>Dans son intervention, le colonel Jean de la Croix Baziruwiha, commandant adjoint du secteur Est, a mis en lumi\u00e8re les le\u00e7ons profondes tir\u00e9es du parcours du Rwanda vers le rel\u00e8vement, la r\u00e9conciliation et la r\u00e9silience. Il a soulign\u00e9 que ce chemin, forg\u00e9 dans la douleur, constitue aujourd\u2019hui un exemple inspirant pour les nations confront\u00e9es \u00e0 des d\u00e9fis similaires.<\/p>\n<p>Le colonel Baziruwiha a rappel\u00e9 aux participants que le g\u00e9nocide contre les Tutsi de 1994 n&#8217;\u00e9tait pas un simple accident de l\u2019histoire, mais une campagne pr\u00e9m\u00e9dit\u00e9e, rendue possible par une id\u00e9ologie de division et un leadership d\u00e9faillant. Il a insist\u00e9 sur le fait que cet \u00e9v\u00e9nement tragique ne pouvait \u00eatre r\u00e9duit \u00e0 une fatalit\u00e9, mais qu\u2019il \u00e9tait le fruit de choix politiques d\u00e9lib\u00e9r\u00e9s.<\/p>\n<p>De son c\u00f4t\u00e9, le lieutenant-colonel Ndanyuzwe Muzindutsi, commandant du contingent RWANBATT-2 \u00e0 Bossembele, a soulign\u00e9 la planification m\u00e9ticuleuse et l\u2019ex\u00e9cution syst\u00e9matique du g\u00e9nocide, orchestr\u00e9es par une mauvaise gouvernance. Il a rappel\u00e9 \u00e0 ses troupes l&#8217;importance de leur mission et leur devoir de pr\u00e9server la paix et la stabilit\u00e9 dans leurs zones de responsabilit\u00e9, afin d\u2019\u00e9viter que de telles atrocit\u00e9s n&#8217;aient plus jamais lieu.<\/p>\n<p>Cette comm\u00e9moration rend non seulement hommage aux vies tragiquement perdues lors du g\u00e9nocide contre les Tutsi en 1994, mais souligne \u00e9galement l&#8217;engagement r\u00e9solu du Rwanda envers la pr\u00e9vention des g\u00e9nocides, ainsi que la promotion de l\u2019unit\u00e9 et de la paix, tant au niveau national qu\u2019international.<\/p>\n<figure class=\"spip-document spip-document-59882 aligncenter\"><img decoding=\"async\" src=\"https:\/\/fr.igihe.com\/IMG\/jpg\/rp-2.jpg\" alt=\"La flamme de l&#039;espoir a \u00e9t\u00e9 allum\u00e9e lors de la comm\u00e9moration\" \/><\/figure>\n<figure class=\"spip-document spip-document-59881 aligncenter\"><img decoding=\"async\" src=\"https:\/\/fr.igihe.com\/IMG\/jpg\/rp_2.jpg\" alt=\"Un moment de silence a \u00e9t\u00e9 observ\u00e9 en hommage aux plus d&#039;un million de victimes du g\u00e9nocide\" \/><\/figure>\n<figure class=\"spip-document spip-document-59880 aligncenter\"><img decoding=\"async\" src=\"https:\/\/fr.igihe.com\/IMG\/jpg\/rp_4.jpg\" alt=\"\" \/><\/figure>\n<figure class=\"spip-document spip-document-59879 aligncenter\"><img decoding=\"async\" src=\"https:\/\/fr.igihe.com\/IMG\/jpg\/rp_3.jpg\" alt=\"Les participants \u00e0 l&#039;\u00e9v\u00e9nement comm\u00e9moratif ont pris part \u00e0 une marche du souvenir\" \/><\/figure>\n","protected":false},"excerpt":{"rendered":"<p>\u00c0 l\u2019occasion du 31\u1d49 anniversaire du g\u00e9nocide contre les Tutsi de 1994, les contingents rwandais engag\u00e9s dans les missions de maintien de paix des Nations unies au Soudan du Sud et en R\u00e9publique centrafricaine se sont joints \u00e0 la communaut\u00e9 rwandaise et aux amis du Rwanda pour  comm\u00e9mor\u00e9 le 31\u1d49 anniversaire du g\u00e9nocide contre les Tutsi de 1994. <\/p>\n","protected":false},"author":488,"featured_media":4000059878,"comment_status":"open","ping_status":"open","sticky":false,"template":"","format":"standard","meta":{"footnotes":""},"categories":[7529],"tags":[7605],"byline":[7717],"hashtag":[],"class_list":["post-37343","post","type-post","status-publish","format-standard","has-post-thumbnail","hentry","category-actualite-3","tag-homenews","byline-igihe"],"bylines":[{"id":7717,"name":"IGIHE","slug":"igihe","description":"","image":{"id":0,"url":"https:\/\/secure.gravatar.com\/avatar\/?s=96&d=mm&f=y&r=g","alt":"Default avatar","title":"Default avatar","caption":"","mime_type":"image\/jpeg","sizes":[]},"user_id":393}],"contributors":[{"id":7717,"name":"IGIHE","slug":"igihe","description":"","image":{"id":0,"url":"https:\/\/secure.gravatar.com\/avatar\/?s=96&d=mm&f=y&r=g","alt":"Default avatar","title":"Default avatar","caption":"","mime_type":"image\/jpeg","sizes":[]},"user_id":393}],"featured_image":{"id":4000059878,"url":"https:\/\/fr-images.igihe.com\/IMG\/logo\/rp_cp-2.jpg","alt":"","caption":"","mime_type":"image\/jpeg","width":0,"height":0,"sizes":{"thumbnail":{"url":"https:\/\/fr-images.igihe.com\/IMG\/logo\/rp_cp-2.jpg","width":1,"height":1},"medium":{"url":"https:\/\/fr-images.igihe.com\/IMG\/logo\/rp_cp-2.jpg","width":1,"height":1},"medium_large":{"url":"https:\/\/fr-images.igihe.com\/IMG\/logo\/rp_cp-2.jpg","width":1,"height":1},"large":{"url":"https:\/\/fr-images.igihe.com\/IMG\/logo\/rp_cp-2.jpg","width":1,"height":1},"full":{"url":"https:\/\/fr-images.igihe.com\/IMG\/logo\/rp_cp-2.jpg","width":0,"height":0}}},"_links":{"self":[{"href":"https:\/\/new.igihe.com\/french\/wp-json\/wp\/v2\/posts\/37343","targetHints":{"allow":["GET"]}}],"collection":[{"href":"https:\/\/new.igihe.com\/french\/wp-json\/wp\/v2\/posts"}],"about":[{"href":"https:\/\/new.igihe.com\/french\/wp-json\/wp\/v2\/types\/post"}],"author":[{"embeddable":true,"href":"https:\/\/new.igihe.com\/french\/wp-json\/wp\/v2\/users\/488"}],"replies":[{"embeddable":true,"href":"https:\/\/new.igihe.com\/french\/wp-json\/wp\/v2\/comments?post=37343"}],"version-history":[{"count":0,"href":"https:\/\/new.igihe.com\/french\/wp-json\/wp\/v2\/posts\/37343\/revisions"}],"wp:featuredmedia":[{"embeddable":true,"href":"https:\/\/new.igihe.com\/french\/wp-json\/wp\/v2\/media\/4000059878"}],"wp:attachment":[{"href":"https:\/\/new.igihe.com\/french\/wp-json\/wp\/v2\/media?parent=37343"}],"wp:term":[{"taxonomy":"category","embeddable":true,"href":"https:\/\/new.igihe.com\/french\/wp-json\/wp\/v2\/categories?post=37343"},{"taxonomy":"post_tag","embeddable":true,"href":"https:\/\/new.igihe.com\/french\/wp-json\/wp\/v2\/tags?post=37343"},{"taxonomy":"byline","embeddable":true,"href":"https:\/\/new.igihe.com\/french\/wp-json\/wp\/v2\/byline?post=37343"},{"taxonomy":"hashtag","embeddable":true,"href":"https:\/\/new.igihe.com\/french\/wp-json\/wp\/v2\/hashtag?post=37343"}],"curies":[{"name":"wp","href":"https:\/\/api.w.org\/{rel}","templated":true}]}}